{"id":10918,"date":"2021-06-22T15:35:22","date_gmt":"2021-06-22T20:35:22","guid":{"rendered":"https:\/\/www.studio303.ca\/?p=10918"},"modified":"2022-09-19T14:59:51","modified_gmt":"2022-09-19T19:59:51","slug":"in-studio-nina-vroemen-mtl-image-moving-image","status":"publish","type":"post","link":"https:\/\/www.studio303.ca\/en\/in-studio-nina-vroemen-mtl-image-moving-image\/","title":{"rendered":"IN STUDIO: NINA VROEMEN (MTL) \u2014 image\/\/moving\/\/image"},"content":{"rendered":"<p><strong>June 13 to 17, 2022<!--more--> \u2014 9:30 a.m. to 12:30 p.m. (Mon.-Fri.)<br>$75 with the support of Emploi-Qu\u00e9bec (or $240, non-eligible rate)<br>Open to artists of all disciplines<br>Language of instruction: English<br><\/strong><strong>Questions can also be asked in: French<br>Capacity: 11 people \u2014 priority for full week attendance<\/strong><\/p>\n<p><strong><a href=\"https:\/\/app.simplyk.io\/ticketing\/060044c8-0de7-4517-8874-df8762583897\" target=\"_blank\" rel=\"noopener\"><span style=\"color: #91b800;\">REGISTER &gt;&nbsp;<\/span><\/a><br><\/strong><em><strong>By registering for a workshop, you agree to cancel your participation if you have symptoms or suspect you may have COVID-19. Please read the&nbsp;<a href=\"https:\/\/www.studio303.ca\/en\/workshop-participant-engagement\/\" target=\"_blank\" rel=\"noreferrer noopener\">Participant Engagement<\/a>&nbsp;before registering. Thank you!<\/strong><\/em><\/p>\n\n\n<hr class=\"wp-block-separator is-style-wide\"\/>\n\n\n<p><strong>CONTENT \/\/ <\/strong><span style=\"font-weight: 400;\">This workshop is intended for artists and performers from all backgrounds interested in developing a video practice and exploring translation of performance into moving image.<\/span><\/p>\n<p><span style=\"font-weight: 400;\">Covid-19 transformed the way we share space. The opportunities to perform became almost exclusively virtual; with streaming and video attempting to simulate Live-ness. A demand emerged for artists to rapidly shift their work online, as though band-width and presence were interchangeable; as though a screen could satisfy the desire for a proscenium.<\/span><\/p>\n<p><span style=\"font-weight: 400;\">In this workshop we will examine the differences between making video as documentation vs. creating dance-video.&nbsp;<br><\/span><span style=\"font-weight: 400;\">We will survey different stylistic strategies applied by iconic cinematographers to contemporary choreographers that push the possibilities of feeling in film.&nbsp;<\/span><\/p>\n<p><span style=\"font-weight: 400;\">In-person explorations of equipment will be offered with basic how-tos to demystify the technology. Local resources will be shared as well as detailed strategies to embrace limitations of space, time, and funding. <\/span><strong>Previous experience with video software and equipment is not required but participants are encouraged to bring their equipment if they\u2019d like.<\/strong><\/p>\n<p><strong>ACCESSIBILITY \/\/ <span style=\"font-weight: 400;\">Each day will be a combination of group discussion and embodied exercises.&nbsp; The discussions will be prompted with audio and visual content that will be projected in the studio. The embodied exercises will be gentle and can easily be adapted &#8211; mostly explorations of how the body and it\u2019s movement can produce stylistic qualities in framing, pacing and following. <\/span><\/strong><\/p>\n<p><strong>BIO \/\/ <\/strong><b>Nina Vroemen <\/b><span style=\"font-weight: 400;\">is a self-taught filmmaker and dancer, interested in the way videography and choreography inform each other through pacing, illusions, intuition, and improvisation. <\/span><span style=\"font-weight: 400;\">After five years of working in reality TV (Discovery Channel), she began making work for her community, creating videos for dancers, artists and musicians (Tangente, Danse-Cite, Flemish Eye, Secret City Records).&nbsp;<\/span><\/p>\n<p><span style=\"font-weight: 400;\">She is based in Tio\u2019tia:ke \/ Montreal and is of settler descent. Beyond video she has a practice as an interdisciplinary artist working in projection, multimedia installations and sonic experimentation. She seeks projects that quicken the heart, that engage in critical research, ecology, sensorial inquiry and immersive fieldwork.<\/span><\/p>\n\n\n<hr class=\"wp-block-separator is-style-wide\"\/>\n\n\n\n<div class=\"wp-block-columns is-layout-flex wp-container-core-columns-is-layout-28f84493 wp-block-columns-is-layout-flex\">\n<div class=\"wp-block-column is-layout-flow wp-block-column-is-layout-flow\">\n<p><strong><span style=\"color: #91b800;\"><a href=\"https:\/\/www.studio303.ca\/en\/which-rate-to-pay-emploi-quebec-criteria\/\" target=\"_blank\" rel=\"noopener\">TO DETERMINE WHICH RATE TO PAY &gt;<\/a><br><a href=\"https:\/\/www.studio303.ca\/en\/accessibility-2\/\" target=\"_blank\" rel=\"noopener\">STUDIO 303&#8217;S ACCESSIBILITY &gt;<\/a><\/span><\/strong><\/p>\n<\/div>\n\n\n\n<div class=\"wp-block-column is-layout-flow wp-block-column-is-layout-flow\">\n<p><strong><span style=\"color: #91b800;\">YOU MIGHT ALSO LIKE:<\/span><br><a href=\"https:\/\/www.studio303.ca\/en\/in-studio-kathy-casey-dana-dugan-fatma-sarah-elkashef-mtl-interdisciplinary-dramaturgic-lab\/\" target=\"_blank\" rel=\"noopener\">IN STUDIO: KATHY CASEY + DANA DUGAN + FATMA SARAH ELKASHEF (MTL) \u2014 Interdisciplinary Dramaturgic Lab &gt;<\/a><\/strong><\/p>\n<\/div>\n<\/div>\n\n\n\n<p><\/p>\n","protected":false},"excerpt":{"rendered":"<p>June 13 to 17, 2022<\/p>\n","protected":false},"author":2,"featured_media":10920,"comment_status":"closed","ping_status":"closed","sticky":false,"template":"","format":"standard","meta":{"_acf_changed":false,"inline_featured_image":false,"_exactmetrics_skip_tracking":false,"_exactmetrics_sitenote_active":false,"_exactmetrics_sitenote_note":"","_exactmetrics_sitenote_category":0,"_themeisle_gutenberg_block_has_review":false,"footnotes":""},"categories":[45,46],"tags":[],"class_list":["post-10918","post","type-post","status-publish","format-standard","has-post-thumbnail","hentry","category-archive","category-professional-workshops"],"acf":[],"yoast_head":"<!-- This site is optimized with the Yoast SEO plugin v27.5 - https:\/\/yoast.com\/product\/yoast-seo-wordpress\/ -->\n<title>IN STUDIO: NINA VROEMEN (MTL) \u2014 image\/\/moving\/\/image - Studio 303<\/title>\n<meta name=\"robots\" content=\"index, follow, max-snippet:-1, max-image-preview:large, max-video-preview:-1\" \/>\n<link rel=\"canonical\" href=\"https:\/\/www.studio303.ca\/en\/in-studio-nina-vroemen-mtl-image-moving-image\/\" \/>\n<meta property=\"og:locale\" content=\"en_US\" \/>\n<meta property=\"og:type\" content=\"article\" \/>\n<meta property=\"og:title\" content=\"IN STUDIO: NINA VROEMEN (MTL) \u2014 image\/\/moving\/\/image - Studio 303\" \/>\n<meta property=\"og:description\" content=\"June 13 to 17, 2022\" \/>\n<meta property=\"og:url\" content=\"https:\/\/www.studio303.ca\/en\/in-studio-nina-vroemen-mtl-image-moving-image\/\" \/>\n<meta property=\"og:site_name\" content=\"Studio 303\" \/>\n<meta property=\"article:publisher\" content=\"https:\/\/www.facebook.com\/studio303.montreal\" \/>\n<meta property=\"article:published_time\" content=\"2021-06-22T20:35:22+00:00\" \/>\n<meta property=\"article:modified_time\" content=\"2022-09-19T19:59:51+00:00\" \/>\n<meta property=\"og:image\" content=\"https:\/\/www.studio303.ca\/wp-content\/uploads\/2021\/06\/SISTERSCredit_NinaVroemen640x480.jpg\" \/>\n\t<meta property=\"og:image:width\" content=\"640\" \/>\n\t<meta property=\"og:image:height\" content=\"480\" \/>\n\t<meta property=\"og:image:type\" content=\"image\/jpeg\" \/>\n<meta name=\"author\" content=\"Studio 303\" \/>\n<meta name=\"twitter:card\" content=\"summary_large_image\" \/>\n<meta name=\"twitter:label1\" content=\"Written by\" \/>\n\t<meta name=\"twitter:data1\" content=\"Studio 303\" \/>\n\t<meta name=\"twitter:label2\" content=\"Est. reading time\" \/>\n\t<meta name=\"twitter:data2\" content=\"2 minutes\" \/>\n<script type=\"application\/ld+json\" class=\"yoast-schema-graph\">{\"@context\":\"https:\\\/\\\/schema.org\",\"@graph\":[{\"@type\":\"Article\",\"@id\":\"https:\\\/\\\/www.studio303.ca\\\/en\\\/in-studio-nina-vroemen-mtl-image-moving-image\\\/#article\",\"isPartOf\":{\"@id\":\"https:\\\/\\\/www.studio303.ca\\\/en\\\/in-studio-nina-vroemen-mtl-image-moving-image\\\/\"},\"author\":{\"name\":\"Studio 303\",\"@id\":\"https:\\\/\\\/www.studio303.ca\\\/#\\\/schema\\\/person\\\/40ae52c09f157a123cfb5715ae871308\"},\"headline\":\"IN STUDIO: NINA VROEMEN (MTL) \u2014 image\\\/\\\/moving\\\/\\\/image\",\"datePublished\":\"2021-06-22T20:35:22+00:00\",\"dateModified\":\"2022-09-19T19:59:51+00:00\",\"mainEntityOfPage\":{\"@id\":\"https:\\\/\\\/www.studio303.ca\\\/en\\\/in-studio-nina-vroemen-mtl-image-moving-image\\\/\"},\"wordCount\":451,\"publisher\":{\"@id\":\"https:\\\/\\\/www.studio303.ca\\\/#organization\"},\"image\":{\"@id\":\"https:\\\/\\\/www.studio303.ca\\\/en\\\/in-studio-nina-vroemen-mtl-image-moving-image\\\/#primaryimage\"},\"thumbnailUrl\":\"https:\\\/\\\/www.studio303.ca\\\/wp-content\\\/uploads\\\/2021\\\/06\\\/SISTERSCredit_NinaVroemen640x480.jpg\",\"articleSection\":[\"Archive\",\"Professional Workshops\"],\"inLanguage\":\"en-US\"},{\"@type\":\"WebPage\",\"@id\":\"https:\\\/\\\/www.studio303.ca\\\/en\\\/in-studio-nina-vroemen-mtl-image-moving-image\\\/\",\"url\":\"https:\\\/\\\/www.studio303.ca\\\/en\\\/in-studio-nina-vroemen-mtl-image-moving-image\\\/\",\"name\":\"IN STUDIO: NINA VROEMEN (MTL) \u2014 image\\\/\\\/moving\\\/\\\/image - Studio 303\",\"isPartOf\":{\"@id\":\"https:\\\/\\\/www.studio303.ca\\\/#website\"},\"primaryImageOfPage\":{\"@id\":\"https:\\\/\\\/www.studio303.ca\\\/en\\\/in-studio-nina-vroemen-mtl-image-moving-image\\\/#primaryimage\"},\"image\":{\"@id\":\"https:\\\/\\\/www.studio303.ca\\\/en\\\/in-studio-nina-vroemen-mtl-image-moving-image\\\/#primaryimage\"},\"thumbnailUrl\":\"https:\\\/\\\/www.studio303.ca\\\/wp-content\\\/uploads\\\/2021\\\/06\\\/SISTERSCredit_NinaVroemen640x480.jpg\",\"datePublished\":\"2021-06-22T20:35:22+00:00\",\"dateModified\":\"2022-09-19T19:59:51+00:00\",\"breadcrumb\":{\"@id\":\"https:\\\/\\\/www.studio303.ca\\\/en\\\/in-studio-nina-vroemen-mtl-image-moving-image\\\/#breadcrumb\"},\"inLanguage\":\"en-US\",\"potentialAction\":[{\"@type\":\"ReadAction\",\"target\":[\"https:\\\/\\\/www.studio303.ca\\\/en\\\/in-studio-nina-vroemen-mtl-image-moving-image\\\/\"]}]},{\"@type\":\"ImageObject\",\"inLanguage\":\"en-US\",\"@id\":\"https:\\\/\\\/www.studio303.ca\\\/en\\\/in-studio-nina-vroemen-mtl-image-moving-image\\\/#primaryimage\",\"url\":\"https:\\\/\\\/www.studio303.ca\\\/wp-content\\\/uploads\\\/2021\\\/06\\\/SISTERSCredit_NinaVroemen640x480.jpg\",\"contentUrl\":\"https:\\\/\\\/www.studio303.ca\\\/wp-content\\\/uploads\\\/2021\\\/06\\\/SISTERSCredit_NinaVroemen640x480.jpg\",\"width\":640,\"height\":480,\"caption\":\"\u00a9 Nina Vroemen\"},{\"@type\":\"BreadcrumbList\",\"@id\":\"https:\\\/\\\/www.studio303.ca\\\/en\\\/in-studio-nina-vroemen-mtl-image-moving-image\\\/#breadcrumb\",\"itemListElement\":[{\"@type\":\"ListItem\",\"position\":1,\"name\":\"Home\",\"item\":\"https:\\\/\\\/www.studio303.ca\\\/en\\\/home\\\/\"},{\"@type\":\"ListItem\",\"position\":2,\"name\":\"IN STUDIO: NINA VROEMEN (MTL) \u2014 image\\\/\\\/moving\\\/\\\/image\"}]},{\"@type\":\"WebSite\",\"@id\":\"https:\\\/\\\/www.studio303.ca\\\/#website\",\"url\":\"https:\\\/\\\/www.studio303.ca\\\/\",\"name\":\"Studio 303\",\"description\":\"Lieu de diffusion et de soutien pour la danse et l&#039;art indisciplin\u00e9 \u00e0 Montr\u00e9al.\",\"publisher\":{\"@id\":\"https:\\\/\\\/www.studio303.ca\\\/#organization\"},\"potentialAction\":[{\"@type\":\"SearchAction\",\"target\":{\"@type\":\"EntryPoint\",\"urlTemplate\":\"https:\\\/\\\/www.studio303.ca\\\/?s={search_term_string}\"},\"query-input\":{\"@type\":\"PropertyValueSpecification\",\"valueRequired\":true,\"valueName\":\"search_term_string\"}}],\"inLanguage\":\"en-US\"},{\"@type\":\"Organization\",\"@id\":\"https:\\\/\\\/www.studio303.ca\\\/#organization\",\"name\":\"Studio 303\",\"url\":\"https:\\\/\\\/www.studio303.ca\\\/\",\"logo\":{\"@type\":\"ImageObject\",\"inLanguage\":\"en-US\",\"@id\":\"https:\\\/\\\/www.studio303.ca\\\/#\\\/schema\\\/logo\\\/image\\\/\",\"url\":\"https:\\\/\\\/www.studio303.ca\\\/wp-content\\\/uploads\\\/2025\\\/08\\\/studio303-logo_black-c2586d.svg\",\"contentUrl\":\"https:\\\/\\\/www.studio303.ca\\\/wp-content\\\/uploads\\\/2025\\\/08\\\/studio303-logo_black-c2586d.svg\",\"caption\":\"Studio 303\"},\"image\":{\"@id\":\"https:\\\/\\\/www.studio303.ca\\\/#\\\/schema\\\/logo\\\/image\\\/\"},\"sameAs\":[\"https:\\\/\\\/www.facebook.com\\\/studio303.montreal\",\"http:\\\/\\\/instagram.com\\\/studio303\"]},{\"@type\":\"Person\",\"@id\":\"https:\\\/\\\/www.studio303.ca\\\/#\\\/schema\\\/person\\\/40ae52c09f157a123cfb5715ae871308\",\"name\":\"Studio 303\",\"image\":{\"@type\":\"ImageObject\",\"inLanguage\":\"en-US\",\"@id\":\"https:\\\/\\\/secure.gravatar.com\\\/avatar\\\/ed48799669d7f111eba71a9f3c7cfd7440352e887511c1ca683b06690450f02b?s=96&d=mm&r=g\",\"url\":\"https:\\\/\\\/secure.gravatar.com\\\/avatar\\\/ed48799669d7f111eba71a9f3c7cfd7440352e887511c1ca683b06690450f02b?s=96&d=mm&r=g\",\"contentUrl\":\"https:\\\/\\\/secure.gravatar.com\\\/avatar\\\/ed48799669d7f111eba71a9f3c7cfd7440352e887511c1ca683b06690450f02b?s=96&d=mm&r=g\",\"caption\":\"Studio 303\"},\"url\":\"https:\\\/\\\/www.studio303.ca\\\/en\\\/author\\\/admin-303\\\/\"}]}<\/script>\n<!-- \/ Yoast SEO plugin. -->","yoast_head_json":{"title":"IN STUDIO: NINA VROEMEN (MTL) \u2014 image\/\/moving\/\/image - Studio 303","robots":{"index":"index","follow":"follow","max-snippet":"max-snippet:-1","max-image-preview":"max-image-preview:large","max-video-preview":"max-video-preview:-1"},"canonical":"https:\/\/www.studio303.ca\/en\/in-studio-nina-vroemen-mtl-image-moving-image\/","og_locale":"en_US","og_type":"article","og_title":"IN STUDIO: NINA VROEMEN (MTL) \u2014 image\/\/moving\/\/image - Studio 303","og_description":"June 13 to 17, 2022","og_url":"https:\/\/www.studio303.ca\/en\/in-studio-nina-vroemen-mtl-image-moving-image\/","og_site_name":"Studio 303","article_publisher":"https:\/\/www.facebook.com\/studio303.montreal","article_published_time":"2021-06-22T20:35:22+00:00","article_modified_time":"2022-09-19T19:59:51+00:00","og_image":[{"width":640,"height":480,"url":"https:\/\/www.studio303.ca\/wp-content\/uploads\/2021\/06\/SISTERSCredit_NinaVroemen640x480.jpg","type":"image\/jpeg"}],"author":"Studio 303","twitter_card":"summary_large_image","twitter_misc":{"Written by":"Studio 303","Est. reading time":"2 minutes"},"schema":{"@context":"https:\/\/schema.org","@graph":[{"@type":"Article","@id":"https:\/\/www.studio303.ca\/en\/in-studio-nina-vroemen-mtl-image-moving-image\/#article","isPartOf":{"@id":"https:\/\/www.studio303.ca\/en\/in-studio-nina-vroemen-mtl-image-moving-image\/"},"author":{"name":"Studio 303","@id":"https:\/\/www.studio303.ca\/#\/schema\/person\/40ae52c09f157a123cfb5715ae871308"},"headline":"IN STUDIO: NINA VROEMEN (MTL) \u2014 image\/\/moving\/\/image","datePublished":"2021-06-22T20:35:22+00:00","dateModified":"2022-09-19T19:59:51+00:00","mainEntityOfPage":{"@id":"https:\/\/www.studio303.ca\/en\/in-studio-nina-vroemen-mtl-image-moving-image\/"},"wordCount":451,"publisher":{"@id":"https:\/\/www.studio303.ca\/#organization"},"image":{"@id":"https:\/\/www.studio303.ca\/en\/in-studio-nina-vroemen-mtl-image-moving-image\/#primaryimage"},"thumbnailUrl":"https:\/\/www.studio303.ca\/wp-content\/uploads\/2021\/06\/SISTERSCredit_NinaVroemen640x480.jpg","articleSection":["Archive","Professional Workshops"],"inLanguage":"en-US"},{"@type":"WebPage","@id":"https:\/\/www.studio303.ca\/en\/in-studio-nina-vroemen-mtl-image-moving-image\/","url":"https:\/\/www.studio303.ca\/en\/in-studio-nina-vroemen-mtl-image-moving-image\/","name":"IN STUDIO: NINA VROEMEN (MTL) \u2014 image\/\/moving\/\/image - Studio 303","isPartOf":{"@id":"https:\/\/www.studio303.ca\/#website"},"primaryImageOfPage":{"@id":"https:\/\/www.studio303.ca\/en\/in-studio-nina-vroemen-mtl-image-moving-image\/#primaryimage"},"image":{"@id":"https:\/\/www.studio303.ca\/en\/in-studio-nina-vroemen-mtl-image-moving-image\/#primaryimage"},"thumbnailUrl":"https:\/\/www.studio303.ca\/wp-content\/uploads\/2021\/06\/SISTERSCredit_NinaVroemen640x480.jpg","datePublished":"2021-06-22T20:35:22+00:00","dateModified":"2022-09-19T19:59:51+00:00","breadcrumb":{"@id":"https:\/\/www.studio303.ca\/en\/in-studio-nina-vroemen-mtl-image-moving-image\/#breadcrumb"},"inLanguage":"en-US","potentialAction":[{"@type":"ReadAction","target":["https:\/\/www.studio303.ca\/en\/in-studio-nina-vroemen-mtl-image-moving-image\/"]}]},{"@type":"ImageObject","inLanguage":"en-US","@id":"https:\/\/www.studio303.ca\/en\/in-studio-nina-vroemen-mtl-image-moving-image\/#primaryimage","url":"https:\/\/www.studio303.ca\/wp-content\/uploads\/2021\/06\/SISTERSCredit_NinaVroemen640x480.jpg","contentUrl":"https:\/\/www.studio303.ca\/wp-content\/uploads\/2021\/06\/SISTERSCredit_NinaVroemen640x480.jpg","width":640,"height":480,"caption":"\u00a9 Nina Vroemen"},{"@type":"BreadcrumbList","@id":"https:\/\/www.studio303.ca\/en\/in-studio-nina-vroemen-mtl-image-moving-image\/#breadcrumb","itemListElement":[{"@type":"ListItem","position":1,"name":"Home","item":"https:\/\/www.studio303.ca\/en\/home\/"},{"@type":"ListItem","position":2,"name":"IN STUDIO: NINA VROEMEN (MTL) \u2014 image\/\/moving\/\/image"}]},{"@type":"WebSite","@id":"https:\/\/www.studio303.ca\/#website","url":"https:\/\/www.studio303.ca\/","name":"Studio 303","description":"Lieu de diffusion et de soutien pour la danse et l&#039;art indisciplin\u00e9 \u00e0 Montr\u00e9al.","publisher":{"@id":"https:\/\/www.studio303.ca\/#organization"},"potentialAction":[{"@type":"SearchAction","target":{"@type":"EntryPoint","urlTemplate":"https:\/\/www.studio303.ca\/?s={search_term_string}"},"query-input":{"@type":"PropertyValueSpecification","valueRequired":true,"valueName":"search_term_string"}}],"inLanguage":"en-US"},{"@type":"Organization","@id":"https:\/\/www.studio303.ca\/#organization","name":"Studio 303","url":"https:\/\/www.studio303.ca\/","logo":{"@type":"ImageObject","inLanguage":"en-US","@id":"https:\/\/www.studio303.ca\/#\/schema\/logo\/image\/","url":"https:\/\/www.studio303.ca\/wp-content\/uploads\/2025\/08\/studio303-logo_black-c2586d.svg","contentUrl":"https:\/\/www.studio303.ca\/wp-content\/uploads\/2025\/08\/studio303-logo_black-c2586d.svg","caption":"Studio 303"},"image":{"@id":"https:\/\/www.studio303.ca\/#\/schema\/logo\/image\/"},"sameAs":["https:\/\/www.facebook.com\/studio303.montreal","http:\/\/instagram.com\/studio303"]},{"@type":"Person","@id":"https:\/\/www.studio303.ca\/#\/schema\/person\/40ae52c09f157a123cfb5715ae871308","name":"Studio 303","image":{"@type":"ImageObject","inLanguage":"en-US","@id":"https:\/\/secure.gravatar.com\/avatar\/ed48799669d7f111eba71a9f3c7cfd7440352e887511c1ca683b06690450f02b?s=96&d=mm&r=g","url":"https:\/\/secure.gravatar.com\/avatar\/ed48799669d7f111eba71a9f3c7cfd7440352e887511c1ca683b06690450f02b?s=96&d=mm&r=g","contentUrl":"https:\/\/secure.gravatar.com\/avatar\/ed48799669d7f111eba71a9f3c7cfd7440352e887511c1ca683b06690450f02b?s=96&d=mm&r=g","caption":"Studio 303"},"url":"https:\/\/www.studio303.ca\/en\/author\/admin-303\/"}]}},"_links":{"self":[{"href":"https:\/\/www.studio303.ca\/en\/wp-json\/wp\/v2\/posts\/10918","targetHints":{"allow":["GET"]}}],"collection":[{"href":"https:\/\/www.studio303.ca\/en\/wp-json\/wp\/v2\/posts"}],"about":[{"href":"https:\/\/www.studio303.ca\/en\/wp-json\/wp\/v2\/types\/post"}],"author":[{"embeddable":true,"href":"https:\/\/www.studio303.ca\/en\/wp-json\/wp\/v2\/users\/2"}],"replies":[{"embeddable":true,"href":"https:\/\/www.studio303.ca\/en\/wp-json\/wp\/v2\/comments?post=10918"}],"version-history":[{"count":8,"href":"https:\/\/www.studio303.ca\/en\/wp-json\/wp\/v2\/posts\/10918\/revisions"}],"predecessor-version":[{"id":19675,"href":"https:\/\/www.studio303.ca\/en\/wp-json\/wp\/v2\/posts\/10918\/revisions\/19675"}],"wp:featuredmedia":[{"embeddable":true,"href":"https:\/\/www.studio303.ca\/en\/wp-json\/wp\/v2\/media\/10920"}],"wp:attachment":[{"href":"https:\/\/www.studio303.ca\/en\/wp-json\/wp\/v2\/media?parent=10918"}],"wp:term":[{"taxonomy":"category","embeddable":true,"href":"https:\/\/www.studio303.ca\/en\/wp-json\/wp\/v2\/categories?post=10918"},{"taxonomy":"post_tag","embeddable":true,"href":"https:\/\/www.studio303.ca\/en\/wp-json\/wp\/v2\/tags?post=10918"}],"curies":[{"name":"wp","href":"https:\/\/api.w.org\/{rel}","templated":true}]}}