{"id":10939,"date":"2021-07-08T11:22:01","date_gmt":"2021-07-08T16:22:01","guid":{"rendered":"https:\/\/www.studio303.ca\/?p=10939"},"modified":"2022-09-19T14:23:27","modified_gmt":"2022-09-19T19:23:27","slug":"in-studio-daina-ashbee-mtl-embodied-creativity-and-choreography","status":"publish","type":"post","link":"https:\/\/www.studio303.ca\/en\/in-studio-daina-ashbee-mtl-embodied-creativity-and-choreography\/","title":{"rendered":"IN STUDIO: DAINA ASHBEE (MTL) \u2014 Embodied Creativity and Choreography"},"content":{"rendered":"<p><strong>Oct. 4 to 8, 2021<!--more--> <span id=\"more-9026\"><\/span>\u2013 9:30 a.m. to 12:30 p.m. (Mon.-Fri.)<\/strong><br><span style=\"color: #000000;\"><strong>$75 with the support of Emploi-Qu\u00e9bec (or $145, non-eligible rate)<\/strong><\/span><br><strong>Open to artists of all disciplines<br>Language of instruction: English<br>Questions can also be asked in: French<\/strong><br><strong>Capacity: 13 people \u2014 priority for full week attendance<\/strong><\/p>\n<p><strong><span style=\"color: #91b800;\"><a href=\"https:\/\/app.simplyk.io\/ticketing\/2fbef0c3-a13e-45e4-9efa-059d5ce13ca3\" target=\"_blank\" rel=\"noopener\">REGISTER &gt;<\/a>&nbsp;<br><em><span class=\"has-inline-color has-vivid-purple-color\"><span style=\"color: #000000;\">By registering for a workshop, you agree to cancel your participation if you have symptoms or suspect you may have COVID-19. Please read the<\/span>&nbsp;<a href=\"https:\/\/www.studio303.ca\/en\/workshop-participant-engagement\/\" target=\"_blank\" rel=\"noreferrer noopener\">Participant Engagement<\/a>&nbsp;<span style=\"color: #000000;\">before registering. Thank you!<\/span><\/span><\/em><\/span><\/strong><\/p>\n\n\n<hr class=\"wp-block-separator is-style-wide\"\/>\n\n\n<p><strong>CONTENT \/\/ <\/strong><span style=\"font-weight: 400;\">Daina Ashbee offers her personal techniques for maximizing creative flow. In this workshop she wishes to support each artist or choreographer to fine tune their abilities to tap into their innate and unique energies. Her intention is to encourage participants to trust their guts, follow their bodies, create their own signatures and gain confidence in their respective creative processes.<\/span><\/p>\n<p><span style=\"font-weight: 400;\">Each day you will be guided into deeper listening of your body, its thoughts and processes and then given (supported) time to explore what flows out of you, once you\u2019ve revved up your creative juices and tuned into your greatest wisdom and truth. Daina shares her tools for letting go of distractions or working with them, as well as tools to be more receptive to your ideas and thoughts in your daily life. She believes her processes \u2013 which include mediation, visualization and writing \u2013 have benefitted her greatly as a choreographer and wants to share as much of her own knowledge, while highlighting that each individual should trust the methods, ideas and images that come naturally to them as a starting part for creation.<\/span><\/p>\n<p><strong>ACCESSIBILITY \/\/ <\/strong><span style=\"font-weight: 400;\">Details coming soon &#8211; in the meantime, contact us with any questions or concerns.<\/span><\/p>\n<p><strong>BIO \/\/ <\/strong><b>Daina Ashbee <\/b><span style=\"font-weight: 400;\">is an artist, performer and choreographer based in Canada, known for her radical works at the edge of dance and performance. At the young age of 26, she had already won two awards for her choreographies. She was a double prizewinner at the Prix de la danse de Montr\u00e9al, winning both the Prix du CALQ for Best Choreography of 2015-2016 for her choreographic installation When the Ice Melts, Will We Drink the Water?, and the Prix D\u00e9couverte de la danse, presented by Agora de la danse and Tangente, for Unrelated (her first choreography). Also Daina was named by the prestigious German TANZ magazine as one of 30 promising artists for the year 2017 and named one of 25 to watch by the American publication, DANCE in 2018. In 2019, she won a New York Dance and Performance Award, Bessie, for Outstanding Choreographer.<\/span><\/p>\n<p><span style=\"font-weight: 400;\">Recognized as one of the most promising young choreographers of the next generation, since 2015 her work has been presented over one-hundred times in 14 countries and over 30 different cities. Her work being presented in some of the most prestigious festivals (The Venice Biennale, Oktoberdans, Les Rencontre Chor\u00e9graphiques de Seine Saint Denis, and the Munich Dance Biennale) and on the stages of the world (Canada, France, Spain, Belgium, Norway, Finland, Greenland, Germany, Italy, Switzerland, and Mexico).&nbsp;<\/span><\/p>\n<p><span style=\"font-weight: 400;\">Daina is the artist-in-residence at Agora de la danse in Montreal until 2023. In 2018 she returned to the Venice Biennale to teach at the Biennale College, whilst creating a group-piece for 15 students. She will continue to tour in Norway, Belgium, Italy, Czech Republic and Canada. In 2019 she will tour Europe, Canada and the United States, meanwhile creating a new group piece (J\u2019ai pleur\u00e9 avec les chiens) and a solo (Laborious Song) set to premiere both in 2020.<\/span><\/p>\n<p><\/p>\n\n\n<hr class=\"wp-block-separator is-style-wide\"\/>\n\n\n\n<div class=\"wp-block-columns is-layout-flex wp-container-core-columns-is-layout-28f84493 wp-block-columns-is-layout-flex\">\n<div class=\"wp-block-column is-layout-flow wp-block-column-is-layout-flow\">\n<p><strong><span style=\"color: #91b800;\"><a href=\"https:\/\/www.studio303.ca\/en\/which-rate-to-pay-emploi-quebec-criteria\/\" target=\"_blank\" rel=\"noopener\">TO DETERMINE WHICH RATE TO PAY &gt;<\/a><br><a href=\"https:\/\/www.studio303.ca\/en\/accessibility-2\/\" target=\"_blank\" rel=\"noopener\">STUDIO 303&#8217;S ACCESSIBILITY &gt;<\/a><\/span><\/strong><\/p>\n<\/div>\n\n\n\n<div class=\"wp-block-column is-layout-flow wp-block-column-is-layout-flow\">\n<p><strong><span style=\"color: #91b800;\">YOU MIGHT ALSO LIKE:<br><a href=\"https:\/\/www.studio303.ca\/en\/in-studio-eroca-nicols-tor-there-is-no-lol-only-col-crying-out-loud-a-melancholy-workout-practice-or-and-grief-embodiment-as-choreographic-survival-strategy\/\" target=\"_blank\" rel=\"noopener\">IN STUDIO: EROCA NICOLS (TOR) \u2014 There is no Lol only Col, CRYING OUT LOUD &gt;<\/a><br><\/span><\/strong><strong><a href=\"https:\/\/www.studio303.ca\/en\/in-studio-aurelie-pedron-mtl-invisible-the-infinite-movement-of-the-spiral\/\" target=\"_blank\" rel=\"noopener\"><span style=\"color: #91b800;\">IN STUDIO: AUR\u00c9LIE P\u00c9DRON (MTL) \u2014 <\/span><span style=\"color: #91b800;\">I<\/span><span style=\"color: #91b800;\">NVISIBLE, the infinite movement of the spiral<\/span><\/a><span style=\"color: #91b800;\"> &gt;<br><\/span><\/strong><\/p>\n<\/div>\n<\/div>\n","protected":false},"excerpt":{"rendered":"<p>Oct. 4 to 8, 2021<\/p>\n","protected":false},"author":2,"featured_media":10940,"comment_status":"closed","ping_status":"closed","sticky":false,"template":"","format":"standard","meta":{"_acf_changed":false,"inline_featured_image":false,"_exactmetrics_skip_tracking":false,"_exactmetrics_sitenote_active":false,"_exactmetrics_sitenote_note":"","_exactmetrics_sitenote_category":0,"_themeisle_gutenberg_block_has_review":false,"footnotes":""},"categories":[45,46],"tags":[],"class_list":["post-10939","post","type-post","status-publish","format-standard","has-post-thumbnail","hentry","category-archive","category-professional-workshops"],"acf":[],"yoast_head":"<!-- This site is optimized with the Yoast SEO plugin v27.5 - https:\/\/yoast.com\/product\/yoast-seo-wordpress\/ -->\n<title>IN STUDIO: DAINA ASHBEE (MTL) \u2014 Embodied Creativity and Choreography - Studio 303<\/title>\n<meta name=\"robots\" content=\"index, follow, max-snippet:-1, max-image-preview:large, max-video-preview:-1\" \/>\n<link rel=\"canonical\" href=\"https:\/\/www.studio303.ca\/en\/in-studio-daina-ashbee-mtl-embodied-creativity-and-choreography\/\" \/>\n<meta property=\"og:locale\" content=\"en_US\" \/>\n<meta property=\"og:type\" content=\"article\" \/>\n<meta property=\"og:title\" content=\"IN STUDIO: DAINA ASHBEE (MTL) \u2014 Embodied Creativity and Choreography - Studio 303\" \/>\n<meta property=\"og:description\" content=\"Oct. 4 to 8, 2021\" \/>\n<meta property=\"og:url\" content=\"https:\/\/www.studio303.ca\/en\/in-studio-daina-ashbee-mtl-embodied-creativity-and-choreography\/\" \/>\n<meta property=\"og:site_name\" content=\"Studio 303\" \/>\n<meta property=\"article:publisher\" content=\"https:\/\/www.facebook.com\/studio303.montreal\" \/>\n<meta property=\"article:published_time\" content=\"2021-07-08T16:22:01+00:00\" \/>\n<meta property=\"article:modified_time\" content=\"2022-09-19T19:23:27+00:00\" \/>\n<meta property=\"og:image\" content=\"https:\/\/www.studio303.ca\/wp-content\/uploads\/2021\/06\/IMG_6521_CreditGabriel-Nieto640x480.jpg\" \/>\n\t<meta property=\"og:image:width\" content=\"640\" \/>\n\t<meta property=\"og:image:height\" content=\"480\" \/>\n\t<meta property=\"og:image:type\" content=\"image\/jpeg\" \/>\n<meta name=\"author\" content=\"Studio 303\" \/>\n<meta name=\"twitter:card\" content=\"summary_large_image\" \/>\n<meta name=\"twitter:label1\" content=\"Written by\" \/>\n\t<meta name=\"twitter:data1\" content=\"Studio 303\" \/>\n\t<meta name=\"twitter:label2\" content=\"Est. reading time\" \/>\n\t<meta name=\"twitter:data2\" content=\"3 minutes\" \/>\n<script type=\"application\/ld+json\" class=\"yoast-schema-graph\">{\"@context\":\"https:\\\/\\\/schema.org\",\"@graph\":[{\"@type\":\"Article\",\"@id\":\"https:\\\/\\\/www.studio303.ca\\\/en\\\/in-studio-daina-ashbee-mtl-embodied-creativity-and-choreography\\\/#article\",\"isPartOf\":{\"@id\":\"https:\\\/\\\/www.studio303.ca\\\/en\\\/in-studio-daina-ashbee-mtl-embodied-creativity-and-choreography\\\/\"},\"author\":{\"name\":\"Studio 303\",\"@id\":\"https:\\\/\\\/www.studio303.ca\\\/#\\\/schema\\\/person\\\/40ae52c09f157a123cfb5715ae871308\"},\"headline\":\"IN STUDIO: DAINA ASHBEE (MTL) \u2014 Embodied Creativity and Choreography\",\"datePublished\":\"2021-07-08T16:22:01+00:00\",\"dateModified\":\"2022-09-19T19:23:27+00:00\",\"mainEntityOfPage\":{\"@id\":\"https:\\\/\\\/www.studio303.ca\\\/en\\\/in-studio-daina-ashbee-mtl-embodied-creativity-and-choreography\\\/\"},\"wordCount\":622,\"publisher\":{\"@id\":\"https:\\\/\\\/www.studio303.ca\\\/#organization\"},\"image\":{\"@id\":\"https:\\\/\\\/www.studio303.ca\\\/en\\\/in-studio-daina-ashbee-mtl-embodied-creativity-and-choreography\\\/#primaryimage\"},\"thumbnailUrl\":\"https:\\\/\\\/www.studio303.ca\\\/wp-content\\\/uploads\\\/2021\\\/06\\\/IMG_6521_CreditGabriel-Nieto640x480.jpg\",\"articleSection\":[\"Archive\",\"Professional Workshops\"],\"inLanguage\":\"en-US\"},{\"@type\":\"WebPage\",\"@id\":\"https:\\\/\\\/www.studio303.ca\\\/en\\\/in-studio-daina-ashbee-mtl-embodied-creativity-and-choreography\\\/\",\"url\":\"https:\\\/\\\/www.studio303.ca\\\/en\\\/in-studio-daina-ashbee-mtl-embodied-creativity-and-choreography\\\/\",\"name\":\"IN STUDIO: DAINA ASHBEE (MTL) \u2014 Embodied Creativity and Choreography - Studio 303\",\"isPartOf\":{\"@id\":\"https:\\\/\\\/www.studio303.ca\\\/#website\"},\"primaryImageOfPage\":{\"@id\":\"https:\\\/\\\/www.studio303.ca\\\/en\\\/in-studio-daina-ashbee-mtl-embodied-creativity-and-choreography\\\/#primaryimage\"},\"image\":{\"@id\":\"https:\\\/\\\/www.studio303.ca\\\/en\\\/in-studio-daina-ashbee-mtl-embodied-creativity-and-choreography\\\/#primaryimage\"},\"thumbnailUrl\":\"https:\\\/\\\/www.studio303.ca\\\/wp-content\\\/uploads\\\/2021\\\/06\\\/IMG_6521_CreditGabriel-Nieto640x480.jpg\",\"datePublished\":\"2021-07-08T16:22:01+00:00\",\"dateModified\":\"2022-09-19T19:23:27+00:00\",\"breadcrumb\":{\"@id\":\"https:\\\/\\\/www.studio303.ca\\\/en\\\/in-studio-daina-ashbee-mtl-embodied-creativity-and-choreography\\\/#breadcrumb\"},\"inLanguage\":\"en-US\",\"potentialAction\":[{\"@type\":\"ReadAction\",\"target\":[\"https:\\\/\\\/www.studio303.ca\\\/en\\\/in-studio-daina-ashbee-mtl-embodied-creativity-and-choreography\\\/\"]}]},{\"@type\":\"ImageObject\",\"inLanguage\":\"en-US\",\"@id\":\"https:\\\/\\\/www.studio303.ca\\\/en\\\/in-studio-daina-ashbee-mtl-embodied-creativity-and-choreography\\\/#primaryimage\",\"url\":\"https:\\\/\\\/www.studio303.ca\\\/wp-content\\\/uploads\\\/2021\\\/06\\\/IMG_6521_CreditGabriel-Nieto640x480.jpg\",\"contentUrl\":\"https:\\\/\\\/www.studio303.ca\\\/wp-content\\\/uploads\\\/2021\\\/06\\\/IMG_6521_CreditGabriel-Nieto640x480.jpg\",\"width\":640,\"height\":480,\"caption\":\"Photo credit: Gabriel Nieto\"},{\"@type\":\"BreadcrumbList\",\"@id\":\"https:\\\/\\\/www.studio303.ca\\\/en\\\/in-studio-daina-ashbee-mtl-embodied-creativity-and-choreography\\\/#breadcrumb\",\"itemListElement\":[{\"@type\":\"ListItem\",\"position\":1,\"name\":\"Home\",\"item\":\"https:\\\/\\\/www.studio303.ca\\\/en\\\/home\\\/\"},{\"@type\":\"ListItem\",\"position\":2,\"name\":\"IN STUDIO: DAINA ASHBEE (MTL) \u2014 Embodied Creativity and Choreography\"}]},{\"@type\":\"WebSite\",\"@id\":\"https:\\\/\\\/www.studio303.ca\\\/#website\",\"url\":\"https:\\\/\\\/www.studio303.ca\\\/\",\"name\":\"Studio 303\",\"description\":\"Lieu de diffusion et de soutien pour la danse et l&#039;art indisciplin\u00e9 \u00e0 Montr\u00e9al.\",\"publisher\":{\"@id\":\"https:\\\/\\\/www.studio303.ca\\\/#organization\"},\"potentialAction\":[{\"@type\":\"SearchAction\",\"target\":{\"@type\":\"EntryPoint\",\"urlTemplate\":\"https:\\\/\\\/www.studio303.ca\\\/?s={search_term_string}\"},\"query-input\":{\"@type\":\"PropertyValueSpecification\",\"valueRequired\":true,\"valueName\":\"search_term_string\"}}],\"inLanguage\":\"en-US\"},{\"@type\":\"Organization\",\"@id\":\"https:\\\/\\\/www.studio303.ca\\\/#organization\",\"name\":\"Studio 303\",\"url\":\"https:\\\/\\\/www.studio303.ca\\\/\",\"logo\":{\"@type\":\"ImageObject\",\"inLanguage\":\"en-US\",\"@id\":\"https:\\\/\\\/www.studio303.ca\\\/#\\\/schema\\\/logo\\\/image\\\/\",\"url\":\"https:\\\/\\\/www.studio303.ca\\\/wp-content\\\/uploads\\\/2025\\\/08\\\/studio303-logo_black-c2586d.svg\",\"contentUrl\":\"https:\\\/\\\/www.studio303.ca\\\/wp-content\\\/uploads\\\/2025\\\/08\\\/studio303-logo_black-c2586d.svg\",\"caption\":\"Studio 303\"},\"image\":{\"@id\":\"https:\\\/\\\/www.studio303.ca\\\/#\\\/schema\\\/logo\\\/image\\\/\"},\"sameAs\":[\"https:\\\/\\\/www.facebook.com\\\/studio303.montreal\",\"http:\\\/\\\/instagram.com\\\/studio303\"]},{\"@type\":\"Person\",\"@id\":\"https:\\\/\\\/www.studio303.ca\\\/#\\\/schema\\\/person\\\/40ae52c09f157a123cfb5715ae871308\",\"name\":\"Studio 303\",\"image\":{\"@type\":\"ImageObject\",\"inLanguage\":\"en-US\",\"@id\":\"https:\\\/\\\/secure.gravatar.com\\\/avatar\\\/ed48799669d7f111eba71a9f3c7cfd7440352e887511c1ca683b06690450f02b?s=96&d=mm&r=g\",\"url\":\"https:\\\/\\\/secure.gravatar.com\\\/avatar\\\/ed48799669d7f111eba71a9f3c7cfd7440352e887511c1ca683b06690450f02b?s=96&d=mm&r=g\",\"contentUrl\":\"https:\\\/\\\/secure.gravatar.com\\\/avatar\\\/ed48799669d7f111eba71a9f3c7cfd7440352e887511c1ca683b06690450f02b?s=96&d=mm&r=g\",\"caption\":\"Studio 303\"},\"url\":\"https:\\\/\\\/www.studio303.ca\\\/en\\\/author\\\/admin-303\\\/\"}]}<\/script>\n<!-- \/ Yoast SEO plugin. -->","yoast_head_json":{"title":"IN STUDIO: DAINA ASHBEE (MTL) \u2014 Embodied Creativity and Choreography - Studio 303","robots":{"index":"index","follow":"follow","max-snippet":"max-snippet:-1","max-image-preview":"max-image-preview:large","max-video-preview":"max-video-preview:-1"},"canonical":"https:\/\/www.studio303.ca\/en\/in-studio-daina-ashbee-mtl-embodied-creativity-and-choreography\/","og_locale":"en_US","og_type":"article","og_title":"IN STUDIO: DAINA ASHBEE (MTL) \u2014 Embodied Creativity and Choreography - Studio 303","og_description":"Oct. 4 to 8, 2021","og_url":"https:\/\/www.studio303.ca\/en\/in-studio-daina-ashbee-mtl-embodied-creativity-and-choreography\/","og_site_name":"Studio 303","article_publisher":"https:\/\/www.facebook.com\/studio303.montreal","article_published_time":"2021-07-08T16:22:01+00:00","article_modified_time":"2022-09-19T19:23:27+00:00","og_image":[{"width":640,"height":480,"url":"https:\/\/www.studio303.ca\/wp-content\/uploads\/2021\/06\/IMG_6521_CreditGabriel-Nieto640x480.jpg","type":"image\/jpeg"}],"author":"Studio 303","twitter_card":"summary_large_image","twitter_misc":{"Written by":"Studio 303","Est. reading time":"3 minutes"},"schema":{"@context":"https:\/\/schema.org","@graph":[{"@type":"Article","@id":"https:\/\/www.studio303.ca\/en\/in-studio-daina-ashbee-mtl-embodied-creativity-and-choreography\/#article","isPartOf":{"@id":"https:\/\/www.studio303.ca\/en\/in-studio-daina-ashbee-mtl-embodied-creativity-and-choreography\/"},"author":{"name":"Studio 303","@id":"https:\/\/www.studio303.ca\/#\/schema\/person\/40ae52c09f157a123cfb5715ae871308"},"headline":"IN STUDIO: DAINA ASHBEE (MTL) \u2014 Embodied Creativity and Choreography","datePublished":"2021-07-08T16:22:01+00:00","dateModified":"2022-09-19T19:23:27+00:00","mainEntityOfPage":{"@id":"https:\/\/www.studio303.ca\/en\/in-studio-daina-ashbee-mtl-embodied-creativity-and-choreography\/"},"wordCount":622,"publisher":{"@id":"https:\/\/www.studio303.ca\/#organization"},"image":{"@id":"https:\/\/www.studio303.ca\/en\/in-studio-daina-ashbee-mtl-embodied-creativity-and-choreography\/#primaryimage"},"thumbnailUrl":"https:\/\/www.studio303.ca\/wp-content\/uploads\/2021\/06\/IMG_6521_CreditGabriel-Nieto640x480.jpg","articleSection":["Archive","Professional Workshops"],"inLanguage":"en-US"},{"@type":"WebPage","@id":"https:\/\/www.studio303.ca\/en\/in-studio-daina-ashbee-mtl-embodied-creativity-and-choreography\/","url":"https:\/\/www.studio303.ca\/en\/in-studio-daina-ashbee-mtl-embodied-creativity-and-choreography\/","name":"IN STUDIO: DAINA ASHBEE (MTL) \u2014 Embodied Creativity and Choreography - Studio 303","isPartOf":{"@id":"https:\/\/www.studio303.ca\/#website"},"primaryImageOfPage":{"@id":"https:\/\/www.studio303.ca\/en\/in-studio-daina-ashbee-mtl-embodied-creativity-and-choreography\/#primaryimage"},"image":{"@id":"https:\/\/www.studio303.ca\/en\/in-studio-daina-ashbee-mtl-embodied-creativity-and-choreography\/#primaryimage"},"thumbnailUrl":"https:\/\/www.studio303.ca\/wp-content\/uploads\/2021\/06\/IMG_6521_CreditGabriel-Nieto640x480.jpg","datePublished":"2021-07-08T16:22:01+00:00","dateModified":"2022-09-19T19:23:27+00:00","breadcrumb":{"@id":"https:\/\/www.studio303.ca\/en\/in-studio-daina-ashbee-mtl-embodied-creativity-and-choreography\/#breadcrumb"},"inLanguage":"en-US","potentialAction":[{"@type":"ReadAction","target":["https:\/\/www.studio303.ca\/en\/in-studio-daina-ashbee-mtl-embodied-creativity-and-choreography\/"]}]},{"@type":"ImageObject","inLanguage":"en-US","@id":"https:\/\/www.studio303.ca\/en\/in-studio-daina-ashbee-mtl-embodied-creativity-and-choreography\/#primaryimage","url":"https:\/\/www.studio303.ca\/wp-content\/uploads\/2021\/06\/IMG_6521_CreditGabriel-Nieto640x480.jpg","contentUrl":"https:\/\/www.studio303.ca\/wp-content\/uploads\/2021\/06\/IMG_6521_CreditGabriel-Nieto640x480.jpg","width":640,"height":480,"caption":"Photo credit: Gabriel Nieto"},{"@type":"BreadcrumbList","@id":"https:\/\/www.studio303.ca\/en\/in-studio-daina-ashbee-mtl-embodied-creativity-and-choreography\/#breadcrumb","itemListElement":[{"@type":"ListItem","position":1,"name":"Home","item":"https:\/\/www.studio303.ca\/en\/home\/"},{"@type":"ListItem","position":2,"name":"IN STUDIO: DAINA ASHBEE (MTL) \u2014 Embodied Creativity and Choreography"}]},{"@type":"WebSite","@id":"https:\/\/www.studio303.ca\/#website","url":"https:\/\/www.studio303.ca\/","name":"Studio 303","description":"Lieu de diffusion et de soutien pour la danse et l&#039;art indisciplin\u00e9 \u00e0 Montr\u00e9al.","publisher":{"@id":"https:\/\/www.studio303.ca\/#organization"},"potentialAction":[{"@type":"SearchAction","target":{"@type":"EntryPoint","urlTemplate":"https:\/\/www.studio303.ca\/?s={search_term_string}"},"query-input":{"@type":"PropertyValueSpecification","valueRequired":true,"valueName":"search_term_string"}}],"inLanguage":"en-US"},{"@type":"Organization","@id":"https:\/\/www.studio303.ca\/#organization","name":"Studio 303","url":"https:\/\/www.studio303.ca\/","logo":{"@type":"ImageObject","inLanguage":"en-US","@id":"https:\/\/www.studio303.ca\/#\/schema\/logo\/image\/","url":"https:\/\/www.studio303.ca\/wp-content\/uploads\/2025\/08\/studio303-logo_black-c2586d.svg","contentUrl":"https:\/\/www.studio303.ca\/wp-content\/uploads\/2025\/08\/studio303-logo_black-c2586d.svg","caption":"Studio 303"},"image":{"@id":"https:\/\/www.studio303.ca\/#\/schema\/logo\/image\/"},"sameAs":["https:\/\/www.facebook.com\/studio303.montreal","http:\/\/instagram.com\/studio303"]},{"@type":"Person","@id":"https:\/\/www.studio303.ca\/#\/schema\/person\/40ae52c09f157a123cfb5715ae871308","name":"Studio 303","image":{"@type":"ImageObject","inLanguage":"en-US","@id":"https:\/\/secure.gravatar.com\/avatar\/ed48799669d7f111eba71a9f3c7cfd7440352e887511c1ca683b06690450f02b?s=96&d=mm&r=g","url":"https:\/\/secure.gravatar.com\/avatar\/ed48799669d7f111eba71a9f3c7cfd7440352e887511c1ca683b06690450f02b?s=96&d=mm&r=g","contentUrl":"https:\/\/secure.gravatar.com\/avatar\/ed48799669d7f111eba71a9f3c7cfd7440352e887511c1ca683b06690450f02b?s=96&d=mm&r=g","caption":"Studio 303"},"url":"https:\/\/www.studio303.ca\/en\/author\/admin-303\/"}]}},"_links":{"self":[{"href":"https:\/\/www.studio303.ca\/en\/wp-json\/wp\/v2\/posts\/10939","targetHints":{"allow":["GET"]}}],"collection":[{"href":"https:\/\/www.studio303.ca\/en\/wp-json\/wp\/v2\/posts"}],"about":[{"href":"https:\/\/www.studio303.ca\/en\/wp-json\/wp\/v2\/types\/post"}],"author":[{"embeddable":true,"href":"https:\/\/www.studio303.ca\/en\/wp-json\/wp\/v2\/users\/2"}],"replies":[{"embeddable":true,"href":"https:\/\/www.studio303.ca\/en\/wp-json\/wp\/v2\/comments?post=10939"}],"version-history":[{"count":6,"href":"https:\/\/www.studio303.ca\/en\/wp-json\/wp\/v2\/posts\/10939\/revisions"}],"predecessor-version":[{"id":12511,"href":"https:\/\/www.studio303.ca\/en\/wp-json\/wp\/v2\/posts\/10939\/revisions\/12511"}],"wp:featuredmedia":[{"embeddable":true,"href":"https:\/\/www.studio303.ca\/en\/wp-json\/wp\/v2\/media\/10940"}],"wp:attachment":[{"href":"https:\/\/www.studio303.ca\/en\/wp-json\/wp\/v2\/media?parent=10939"}],"wp:term":[{"taxonomy":"category","embeddable":true,"href":"https:\/\/www.studio303.ca\/en\/wp-json\/wp\/v2\/categories?post=10939"},{"taxonomy":"post_tag","embeddable":true,"href":"https:\/\/www.studio303.ca\/en\/wp-json\/wp\/v2\/tags?post=10939"}],"curies":[{"name":"wp","href":"https:\/\/api.w.org\/{rel}","templated":true}]}}