{"id":1099,"date":"2018-07-03T13:37:03","date_gmt":"2018-07-03T18:37:03","guid":{"rendered":"http:\/\/www.studio303.ca\/how-is-your-sense-of-the-performative-sylvie-tourangeau-qc\/"},"modified":"2022-09-19T14:43:06","modified_gmt":"2022-09-19T19:43:06","slug":"how-is-your-sense-of-the-performative-sylvie-tourangeau-qc","status":"publish","type":"post","link":"https:\/\/www.studio303.ca\/en\/how-is-your-sense-of-the-performative-sylvie-tourangeau-qc\/","title":{"rendered":"SYLVIE TOURANGEAU (QC) \u2014 How is your sense of the performative?"},"content":{"rendered":"<p><b>Apr. 22 to 26, 2019 <!--more-->\u2013 9:30 a.m. to 12:30 p.m. (Mon.-Fri.) &#8211; FULL<br \/>\n<\/b><b>$75 with the support of *<\/b><b>Emploi-Qu\u00e9bec<\/b><b> (or $155, non-eligible rate)<br \/>\n<\/b><b>No drop-ins<br \/>\n<\/b><b>Open to artists of all disciplines \/ Bilingual teacher<br \/>\n<\/b><b>Capacity: 12 people <\/b><\/p>\n<p><span style=\"font-weight: 400;\">Considered a pioneer of performance in Canada, Sylvie Tourangeau proposes this new workshop focusing on the personalisation of our performative actions in different contexts and intensities of attitude and presence. The focus will be put on the nature of our motivations in creating, the awareness of what inhabits and distinguishes us, the clarity of our on-the-spot decision-making as well as the transformative effect generated by our engagement with each of our gestures. Thanks to a learning process composed of practical exercises, role-playing, real experiences in urban space, \u201cpresentations\u201d following instructions, active commentary, the participants will be able to experiment with the full potential of their performative sense, regardless of the specific or habitual form their art takes. <\/span><\/p>\n<p><span style=\"font-weight: 400;\">Since 1978, artist, teacher, author, and curator <\/span><b>Sylvie Tourangeau<\/b><span style=\"font-weight: 400;\"> puts forward the process of transformation issuing from performative action. &nbsp;By way of minimal actions which enrich the quality of presence, support our connection with the world, and personify the link with the spectator, she is interested in the form of on-the-spot consciousness that is the performative. &nbsp;Performances, relational art, circumstantial rituals, and workshop teaching are practices in which she is fully invested. Since 1983, Sylvie offers performance training and she has also published artist books and nearly sixty articles about a vast array of performance artists. In 2017, with the TouVA collective (Sylvie Tourangeau, Victoria Stanton, Anne B\u00e9rub\u00e9) she published a bilingual work on the performative sense, <\/span><i><span style=\"font-weight: 400;\">Le 7e Sens <\/span><\/i><span style=\"font-weight: 400;\">(<\/span><i><span style=\"font-weight: 400;\">the 7th Sense<\/span><\/i><span style=\"font-weight: 400;\">). The collective also started hosting artist residencies at La maison aux volets jaunes, which is devoted to performance arts (workshops, self-directed residencies, coaching, and collective laboratories). <\/span><\/p>\n<hr>\n<p><b>All workshops are for professional performing artists. Some require advanced dance training.<\/b><\/p>\n<p><b>Registration<\/b> \u2013 Please contact (514) 393-3771 or at info@studio303.ca. A non-refundable deposit of $20 is required to reserve your spot.<\/p>\n<p><b>Payments<\/b> \u2013 By check, cash, Paypal or credit card on the phone or in person ($1 to $2 fee)<\/p>\n<p><b>Reimbursement policy<\/b>\u2013 No reimbursement possible without a good reason (ex: sickness or injury).<\/p>\n<p>*<b>Emploi-Qu\u00e9bec <\/b>\u2013 With the support of Emploi-Qu\u00e9bec. In order to get this rate, participants must be Canadian citizens or permanent resident and live in Qu\u00e9bec. Full-time students and social assistance beneficiaries are not eligible to this rate. In case of inadmissibility, you can refer to the non-eligible rate, contact us for questions.<\/p>\n<p><a href=\"http:\/\/www.studio303.ca\/en\/accessibility\/\"><b>Studio\u2019s accessibility<\/b><\/a> \u2013 Consult this page for detailed information.<\/p>\n","protected":false},"excerpt":{"rendered":"<p>Apr. 22 to 26, 2019<\/p>\n","protected":false},"author":2,"featured_media":1321,"comment_status":"closed","ping_status":"closed","sticky":false,"template":"","format":"standard","meta":{"_acf_changed":false,"inline_featured_image":false,"_exactmetrics_skip_tracking":false,"_exactmetrics_sitenote_active":false,"_exactmetrics_sitenote_note":"","_exactmetrics_sitenote_category":0,"_themeisle_gutenberg_block_has_review":false,"footnotes":""},"categories":[45,46],"tags":[],"class_list":["post-1099","post","type-post","status-publish","format-standard","has-post-thumbnail","hentry","category-archive","category-professional-workshops"],"acf":[],"yoast_head":"<!-- This site is optimized with the Yoast SEO plugin v27.5 - https:\/\/yoast.com\/product\/yoast-seo-wordpress\/ -->\n<title>SYLVIE TOURANGEAU (QC) \u2014 How is your sense of the performative? - Studio 303<\/title>\n<meta name=\"robots\" content=\"index, follow, max-snippet:-1, max-image-preview:large, max-video-preview:-1\" \/>\n<link rel=\"canonical\" href=\"https:\/\/www.studio303.ca\/en\/how-is-your-sense-of-the-performative-sylvie-tourangeau-qc\/\" \/>\n<meta property=\"og:locale\" content=\"en_US\" \/>\n<meta property=\"og:type\" content=\"article\" \/>\n<meta property=\"og:title\" content=\"SYLVIE TOURANGEAU (QC) \u2014 How is your sense of the performative? - Studio 303\" \/>\n<meta property=\"og:description\" content=\"Apr. 22 to 26, 2019\" \/>\n<meta property=\"og:url\" content=\"https:\/\/www.studio303.ca\/en\/how-is-your-sense-of-the-performative-sylvie-tourangeau-qc\/\" \/>\n<meta property=\"og:site_name\" content=\"Studio 303\" \/>\n<meta property=\"article:publisher\" content=\"https:\/\/www.facebook.com\/studio303.montreal\" \/>\n<meta property=\"article:published_time\" content=\"2018-07-03T18:37:03+00:00\" \/>\n<meta property=\"article:modified_time\" content=\"2022-09-19T19:43:06+00:00\" \/>\n<meta property=\"og:image\" content=\"https:\/\/www.studio303.ca\/wp-content\/uploads\/2018\/07\/Tourangeau2012.jpg\" \/>\n\t<meta property=\"og:image:width\" content=\"1920\" \/>\n\t<meta property=\"og:image:height\" content=\"1080\" \/>\n\t<meta property=\"og:image:type\" content=\"image\/jpeg\" \/>\n<meta name=\"author\" content=\"Studio 303\" \/>\n<meta name=\"twitter:card\" content=\"summary_large_image\" \/>\n<meta name=\"twitter:label1\" content=\"Written by\" \/>\n\t<meta name=\"twitter:data1\" content=\"Studio 303\" \/>\n\t<meta name=\"twitter:label2\" content=\"Est. reading time\" \/>\n\t<meta name=\"twitter:data2\" content=\"2 minutes\" \/>\n<script type=\"application\/ld+json\" class=\"yoast-schema-graph\">{\"@context\":\"https:\\\/\\\/schema.org\",\"@graph\":[{\"@type\":\"Article\",\"@id\":\"https:\\\/\\\/www.studio303.ca\\\/en\\\/how-is-your-sense-of-the-performative-sylvie-tourangeau-qc\\\/#article\",\"isPartOf\":{\"@id\":\"https:\\\/\\\/www.studio303.ca\\\/en\\\/how-is-your-sense-of-the-performative-sylvie-tourangeau-qc\\\/\"},\"author\":{\"name\":\"Studio 303\",\"@id\":\"https:\\\/\\\/www.studio303.ca\\\/#\\\/schema\\\/person\\\/40ae52c09f157a123cfb5715ae871308\"},\"headline\":\"SYLVIE TOURANGEAU (QC) \u2014 How is your sense of the performative?\",\"datePublished\":\"2018-07-03T18:37:03+00:00\",\"dateModified\":\"2022-09-19T19:43:06+00:00\",\"mainEntityOfPage\":{\"@id\":\"https:\\\/\\\/www.studio303.ca\\\/en\\\/how-is-your-sense-of-the-performative-sylvie-tourangeau-qc\\\/\"},\"wordCount\":431,\"publisher\":{\"@id\":\"https:\\\/\\\/www.studio303.ca\\\/#organization\"},\"image\":{\"@id\":\"https:\\\/\\\/www.studio303.ca\\\/en\\\/how-is-your-sense-of-the-performative-sylvie-tourangeau-qc\\\/#primaryimage\"},\"thumbnailUrl\":\"https:\\\/\\\/www.studio303.ca\\\/wp-content\\\/uploads\\\/2018\\\/07\\\/Tourangeau2012.jpg\",\"articleSection\":[\"Archive\",\"Professional Workshops\"],\"inLanguage\":\"en-US\"},{\"@type\":\"WebPage\",\"@id\":\"https:\\\/\\\/www.studio303.ca\\\/en\\\/how-is-your-sense-of-the-performative-sylvie-tourangeau-qc\\\/\",\"url\":\"https:\\\/\\\/www.studio303.ca\\\/en\\\/how-is-your-sense-of-the-performative-sylvie-tourangeau-qc\\\/\",\"name\":\"SYLVIE TOURANGEAU (QC) \u2014 How is your sense of the performative? - Studio 303\",\"isPartOf\":{\"@id\":\"https:\\\/\\\/www.studio303.ca\\\/#website\"},\"primaryImageOfPage\":{\"@id\":\"https:\\\/\\\/www.studio303.ca\\\/en\\\/how-is-your-sense-of-the-performative-sylvie-tourangeau-qc\\\/#primaryimage\"},\"image\":{\"@id\":\"https:\\\/\\\/www.studio303.ca\\\/en\\\/how-is-your-sense-of-the-performative-sylvie-tourangeau-qc\\\/#primaryimage\"},\"thumbnailUrl\":\"https:\\\/\\\/www.studio303.ca\\\/wp-content\\\/uploads\\\/2018\\\/07\\\/Tourangeau2012.jpg\",\"datePublished\":\"2018-07-03T18:37:03+00:00\",\"dateModified\":\"2022-09-19T19:43:06+00:00\",\"breadcrumb\":{\"@id\":\"https:\\\/\\\/www.studio303.ca\\\/en\\\/how-is-your-sense-of-the-performative-sylvie-tourangeau-qc\\\/#breadcrumb\"},\"inLanguage\":\"en-US\",\"potentialAction\":[{\"@type\":\"ReadAction\",\"target\":[\"https:\\\/\\\/www.studio303.ca\\\/en\\\/how-is-your-sense-of-the-performative-sylvie-tourangeau-qc\\\/\"]}]},{\"@type\":\"ImageObject\",\"inLanguage\":\"en-US\",\"@id\":\"https:\\\/\\\/www.studio303.ca\\\/en\\\/how-is-your-sense-of-the-performative-sylvie-tourangeau-qc\\\/#primaryimage\",\"url\":\"https:\\\/\\\/www.studio303.ca\\\/wp-content\\\/uploads\\\/2018\\\/07\\\/Tourangeau2012.jpg\",\"contentUrl\":\"https:\\\/\\\/www.studio303.ca\\\/wp-content\\\/uploads\\\/2018\\\/07\\\/Tourangeau2012.jpg\",\"width\":1920,\"height\":1080},{\"@type\":\"BreadcrumbList\",\"@id\":\"https:\\\/\\\/www.studio303.ca\\\/en\\\/how-is-your-sense-of-the-performative-sylvie-tourangeau-qc\\\/#breadcrumb\",\"itemListElement\":[{\"@type\":\"ListItem\",\"position\":1,\"name\":\"Home\",\"item\":\"https:\\\/\\\/www.studio303.ca\\\/en\\\/home\\\/\"},{\"@type\":\"ListItem\",\"position\":2,\"name\":\"SYLVIE TOURANGEAU (QC) \u2014 How is your sense of the performative?\"}]},{\"@type\":\"WebSite\",\"@id\":\"https:\\\/\\\/www.studio303.ca\\\/#website\",\"url\":\"https:\\\/\\\/www.studio303.ca\\\/\",\"name\":\"Studio 303\",\"description\":\"Lieu de diffusion et de soutien pour la danse et l&#039;art indisciplin\u00e9 \u00e0 Montr\u00e9al.\",\"publisher\":{\"@id\":\"https:\\\/\\\/www.studio303.ca\\\/#organization\"},\"potentialAction\":[{\"@type\":\"SearchAction\",\"target\":{\"@type\":\"EntryPoint\",\"urlTemplate\":\"https:\\\/\\\/www.studio303.ca\\\/?s={search_term_string}\"},\"query-input\":{\"@type\":\"PropertyValueSpecification\",\"valueRequired\":true,\"valueName\":\"search_term_string\"}}],\"inLanguage\":\"en-US\"},{\"@type\":\"Organization\",\"@id\":\"https:\\\/\\\/www.studio303.ca\\\/#organization\",\"name\":\"Studio 303\",\"url\":\"https:\\\/\\\/www.studio303.ca\\\/\",\"logo\":{\"@type\":\"ImageObject\",\"inLanguage\":\"en-US\",\"@id\":\"https:\\\/\\\/www.studio303.ca\\\/#\\\/schema\\\/logo\\\/image\\\/\",\"url\":\"https:\\\/\\\/www.studio303.ca\\\/wp-content\\\/uploads\\\/2025\\\/08\\\/studio303-logo_black-c2586d.svg\",\"contentUrl\":\"https:\\\/\\\/www.studio303.ca\\\/wp-content\\\/uploads\\\/2025\\\/08\\\/studio303-logo_black-c2586d.svg\",\"caption\":\"Studio 303\"},\"image\":{\"@id\":\"https:\\\/\\\/www.studio303.ca\\\/#\\\/schema\\\/logo\\\/image\\\/\"},\"sameAs\":[\"https:\\\/\\\/www.facebook.com\\\/studio303.montreal\",\"http:\\\/\\\/instagram.com\\\/studio303\"]},{\"@type\":\"Person\",\"@id\":\"https:\\\/\\\/www.studio303.ca\\\/#\\\/schema\\\/person\\\/40ae52c09f157a123cfb5715ae871308\",\"name\":\"Studio 303\",\"image\":{\"@type\":\"ImageObject\",\"inLanguage\":\"en-US\",\"@id\":\"https:\\\/\\\/secure.gravatar.com\\\/avatar\\\/ed48799669d7f111eba71a9f3c7cfd7440352e887511c1ca683b06690450f02b?s=96&d=mm&r=g\",\"url\":\"https:\\\/\\\/secure.gravatar.com\\\/avatar\\\/ed48799669d7f111eba71a9f3c7cfd7440352e887511c1ca683b06690450f02b?s=96&d=mm&r=g\",\"contentUrl\":\"https:\\\/\\\/secure.gravatar.com\\\/avatar\\\/ed48799669d7f111eba71a9f3c7cfd7440352e887511c1ca683b06690450f02b?s=96&d=mm&r=g\",\"caption\":\"Studio 303\"},\"url\":\"https:\\\/\\\/www.studio303.ca\\\/en\\\/author\\\/admin-303\\\/\"}]}<\/script>\n<!-- \/ Yoast SEO plugin. -->","yoast_head_json":{"title":"SYLVIE TOURANGEAU (QC) \u2014 How is your sense of the performative? - Studio 303","robots":{"index":"index","follow":"follow","max-snippet":"max-snippet:-1","max-image-preview":"max-image-preview:large","max-video-preview":"max-video-preview:-1"},"canonical":"https:\/\/www.studio303.ca\/en\/how-is-your-sense-of-the-performative-sylvie-tourangeau-qc\/","og_locale":"en_US","og_type":"article","og_title":"SYLVIE TOURANGEAU (QC) \u2014 How is your sense of the performative? - Studio 303","og_description":"Apr. 22 to 26, 2019","og_url":"https:\/\/www.studio303.ca\/en\/how-is-your-sense-of-the-performative-sylvie-tourangeau-qc\/","og_site_name":"Studio 303","article_publisher":"https:\/\/www.facebook.com\/studio303.montreal","article_published_time":"2018-07-03T18:37:03+00:00","article_modified_time":"2022-09-19T19:43:06+00:00","og_image":[{"width":1920,"height":1080,"url":"https:\/\/www.studio303.ca\/wp-content\/uploads\/2018\/07\/Tourangeau2012.jpg","type":"image\/jpeg"}],"author":"Studio 303","twitter_card":"summary_large_image","twitter_misc":{"Written by":"Studio 303","Est. reading time":"2 minutes"},"schema":{"@context":"https:\/\/schema.org","@graph":[{"@type":"Article","@id":"https:\/\/www.studio303.ca\/en\/how-is-your-sense-of-the-performative-sylvie-tourangeau-qc\/#article","isPartOf":{"@id":"https:\/\/www.studio303.ca\/en\/how-is-your-sense-of-the-performative-sylvie-tourangeau-qc\/"},"author":{"name":"Studio 303","@id":"https:\/\/www.studio303.ca\/#\/schema\/person\/40ae52c09f157a123cfb5715ae871308"},"headline":"SYLVIE TOURANGEAU (QC) \u2014 How is your sense of the performative?","datePublished":"2018-07-03T18:37:03+00:00","dateModified":"2022-09-19T19:43:06+00:00","mainEntityOfPage":{"@id":"https:\/\/www.studio303.ca\/en\/how-is-your-sense-of-the-performative-sylvie-tourangeau-qc\/"},"wordCount":431,"publisher":{"@id":"https:\/\/www.studio303.ca\/#organization"},"image":{"@id":"https:\/\/www.studio303.ca\/en\/how-is-your-sense-of-the-performative-sylvie-tourangeau-qc\/#primaryimage"},"thumbnailUrl":"https:\/\/www.studio303.ca\/wp-content\/uploads\/2018\/07\/Tourangeau2012.jpg","articleSection":["Archive","Professional Workshops"],"inLanguage":"en-US"},{"@type":"WebPage","@id":"https:\/\/www.studio303.ca\/en\/how-is-your-sense-of-the-performative-sylvie-tourangeau-qc\/","url":"https:\/\/www.studio303.ca\/en\/how-is-your-sense-of-the-performative-sylvie-tourangeau-qc\/","name":"SYLVIE TOURANGEAU (QC) \u2014 How is your sense of the performative? - Studio 303","isPartOf":{"@id":"https:\/\/www.studio303.ca\/#website"},"primaryImageOfPage":{"@id":"https:\/\/www.studio303.ca\/en\/how-is-your-sense-of-the-performative-sylvie-tourangeau-qc\/#primaryimage"},"image":{"@id":"https:\/\/www.studio303.ca\/en\/how-is-your-sense-of-the-performative-sylvie-tourangeau-qc\/#primaryimage"},"thumbnailUrl":"https:\/\/www.studio303.ca\/wp-content\/uploads\/2018\/07\/Tourangeau2012.jpg","datePublished":"2018-07-03T18:37:03+00:00","dateModified":"2022-09-19T19:43:06+00:00","breadcrumb":{"@id":"https:\/\/www.studio303.ca\/en\/how-is-your-sense-of-the-performative-sylvie-tourangeau-qc\/#breadcrumb"},"inLanguage":"en-US","potentialAction":[{"@type":"ReadAction","target":["https:\/\/www.studio303.ca\/en\/how-is-your-sense-of-the-performative-sylvie-tourangeau-qc\/"]}]},{"@type":"ImageObject","inLanguage":"en-US","@id":"https:\/\/www.studio303.ca\/en\/how-is-your-sense-of-the-performative-sylvie-tourangeau-qc\/#primaryimage","url":"https:\/\/www.studio303.ca\/wp-content\/uploads\/2018\/07\/Tourangeau2012.jpg","contentUrl":"https:\/\/www.studio303.ca\/wp-content\/uploads\/2018\/07\/Tourangeau2012.jpg","width":1920,"height":1080},{"@type":"BreadcrumbList","@id":"https:\/\/www.studio303.ca\/en\/how-is-your-sense-of-the-performative-sylvie-tourangeau-qc\/#breadcrumb","itemListElement":[{"@type":"ListItem","position":1,"name":"Home","item":"https:\/\/www.studio303.ca\/en\/home\/"},{"@type":"ListItem","position":2,"name":"SYLVIE TOURANGEAU (QC) \u2014 How is your sense of the performative?"}]},{"@type":"WebSite","@id":"https:\/\/www.studio303.ca\/#website","url":"https:\/\/www.studio303.ca\/","name":"Studio 303","description":"Lieu de diffusion et de soutien pour la danse et l&#039;art indisciplin\u00e9 \u00e0 Montr\u00e9al.","publisher":{"@id":"https:\/\/www.studio303.ca\/#organization"},"potentialAction":[{"@type":"SearchAction","target":{"@type":"EntryPoint","urlTemplate":"https:\/\/www.studio303.ca\/?s={search_term_string}"},"query-input":{"@type":"PropertyValueSpecification","valueRequired":true,"valueName":"search_term_string"}}],"inLanguage":"en-US"},{"@type":"Organization","@id":"https:\/\/www.studio303.ca\/#organization","name":"Studio 303","url":"https:\/\/www.studio303.ca\/","logo":{"@type":"ImageObject","inLanguage":"en-US","@id":"https:\/\/www.studio303.ca\/#\/schema\/logo\/image\/","url":"https:\/\/www.studio303.ca\/wp-content\/uploads\/2025\/08\/studio303-logo_black-c2586d.svg","contentUrl":"https:\/\/www.studio303.ca\/wp-content\/uploads\/2025\/08\/studio303-logo_black-c2586d.svg","caption":"Studio 303"},"image":{"@id":"https:\/\/www.studio303.ca\/#\/schema\/logo\/image\/"},"sameAs":["https:\/\/www.facebook.com\/studio303.montreal","http:\/\/instagram.com\/studio303"]},{"@type":"Person","@id":"https:\/\/www.studio303.ca\/#\/schema\/person\/40ae52c09f157a123cfb5715ae871308","name":"Studio 303","image":{"@type":"ImageObject","inLanguage":"en-US","@id":"https:\/\/secure.gravatar.com\/avatar\/ed48799669d7f111eba71a9f3c7cfd7440352e887511c1ca683b06690450f02b?s=96&d=mm&r=g","url":"https:\/\/secure.gravatar.com\/avatar\/ed48799669d7f111eba71a9f3c7cfd7440352e887511c1ca683b06690450f02b?s=96&d=mm&r=g","contentUrl":"https:\/\/secure.gravatar.com\/avatar\/ed48799669d7f111eba71a9f3c7cfd7440352e887511c1ca683b06690450f02b?s=96&d=mm&r=g","caption":"Studio 303"},"url":"https:\/\/www.studio303.ca\/en\/author\/admin-303\/"}]}},"_links":{"self":[{"href":"https:\/\/www.studio303.ca\/en\/wp-json\/wp\/v2\/posts\/1099","targetHints":{"allow":["GET"]}}],"collection":[{"href":"https:\/\/www.studio303.ca\/en\/wp-json\/wp\/v2\/posts"}],"about":[{"href":"https:\/\/www.studio303.ca\/en\/wp-json\/wp\/v2\/types\/post"}],"author":[{"embeddable":true,"href":"https:\/\/www.studio303.ca\/en\/wp-json\/wp\/v2\/users\/2"}],"replies":[{"embeddable":true,"href":"https:\/\/www.studio303.ca\/en\/wp-json\/wp\/v2\/comments?post=1099"}],"version-history":[{"count":7,"href":"https:\/\/www.studio303.ca\/en\/wp-json\/wp\/v2\/posts\/1099\/revisions"}],"predecessor-version":[{"id":4898,"href":"https:\/\/www.studio303.ca\/en\/wp-json\/wp\/v2\/posts\/1099\/revisions\/4898"}],"wp:featuredmedia":[{"embeddable":true,"href":"https:\/\/www.studio303.ca\/en\/wp-json\/wp\/v2\/media\/1321"}],"wp:attachment":[{"href":"https:\/\/www.studio303.ca\/en\/wp-json\/wp\/v2\/media?parent=1099"}],"wp:term":[{"taxonomy":"category","embeddable":true,"href":"https:\/\/www.studio303.ca\/en\/wp-json\/wp\/v2\/categories?post=1099"},{"taxonomy":"post_tag","embeddable":true,"href":"https:\/\/www.studio303.ca\/en\/wp-json\/wp\/v2\/tags?post=1099"}],"curies":[{"name":"wp","href":"https:\/\/api.w.org\/{rel}","templated":true}]}}