{"id":11110,"date":"2021-07-12T08:43:19","date_gmt":"2021-07-12T13:43:19","guid":{"rendered":"https:\/\/www.studio303.ca\/?p=11110"},"modified":"2022-09-29T14:59:41","modified_gmt":"2022-09-29T19:59:41","slug":"queer-performance-camp-5","status":"publish","type":"post","link":"https:\/\/www.studio303.ca\/en\/queer-performance-camp-5\/","title":{"rendered":"Queer Performance Camp 2022"},"content":{"rendered":"<p><strong>February 3rd to 13th, 2022<br><\/strong><!--more--><\/p>\n<p><strong>$1 to 40 suggested \u2014 nobody turned away for lack of funds<br><a href=\"https:\/\/www.eventbrite.com\/e\/queer-performance-camp-2022-studio-303-tickets-256158425747\" target=\"_blank\" rel=\"noopener\">Buy your QPC Pass here &gt;&nbsp;<\/a><br><\/strong><br>A collaboration between Studio 303,<strong><a href=\"http:\/\/m-a-i.qc.ca\/\" target=\"_blank\" rel=\"noopener noreferrer\">&nbsp;MAI (Montr\u00e9al, arts interculturels)<\/a><\/strong>&nbsp;and<strong><a href=\"http:\/\/lachapelle.org\/en\" target=\"_blank\" rel=\"noopener noreferrer\">&nbsp;La Chapelle Sc\u00e8nes Contemporaines<\/a><\/strong>. Queer Performance Camp aims to create new ways to connect, grow and build community, while supporting the development of queer artists through workshops, gatherings and shows. Intentionally nestled into the dead of winter, QPC brings love, light, and queer self-care to a cold and dark time of year.<\/p>\n<p style=\"text-align: left;\">After an exciting online Camp in 2021, <strong>Justin de Luna<\/strong> and <strong>Winnie Ho<\/strong> are back as co-curators, offering new virtual gatherings and exchanges!&nbsp; \ud83c\udf08<\/p>\n<hr>\n<p style=\"text-align: left;\"><strong><span style=\"color: #96d502;\">INTRO NOTE FROM JUSTIN + WINNIE<\/span> \/\/ <em>Chicken soup for the soul.<\/em><\/strong><br>For this year\u2019s edition of Queer Performance Camp, we decided to centre the <strong>heart<\/strong> at the core of our activities. As we slowly emerge out from the darkness of the recent year, and normalcy propels itself back into place, we wanted to weave the spirit of medicine throughout our string of events this year. Our goal as curators is to cultivate a place for community, healing, hope and love. A space to grieve, process and dream all together. <strong>Resilience<\/strong> requires a courageous heart, which that in and of itself, demands it\u2019s own tending to.<br><strong>Transformation<\/strong> holds as a steadfast pillar in our curatorial aim this year and our wish as curators is that our programming can offer an opportunity for growth, nourishment and evolution for our participants, invited artists and public.<\/p>\n\n<h2 class=\"wp-block-heading\" id=\"gatherings\"><mark style=\"background-color:rgba(0, 0, 0, 0);color:#f558c5\" class=\"has-inline-color\">GATHERINGS<\/mark><\/h2>\n\n<p style=\"text-align: left;\"><span style=\"color: #000000;\"><strong><span style=\"color: #f344c2;\">THURSDAY, FEB. 3<\/span> \/\/ Vernissage <em>les liens<\/em> with Thierry Huard<\/strong><\/span><\/p>\n\n\n<div class=\"wp-block-columns is-layout-flex wp-container-core-columns-is-layout-28f84493 wp-block-columns-is-layout-flex\">\n<div class=\"wp-block-column is-layout-flow wp-block-column-is-layout-flow\" style=\"flex-basis:33.33%\">\n<p><strong>\u25d7 5 p.m. to 8 p.m. at the <span style=\"color: #f356c4;\"><a style=\"color: #f356c4;\" href=\"https:\/\/www.m-a-i.qc.ca\/en\/\" target=\"_blank\" rel=\"noopener\">MAI<\/a><\/span> gallery<\/strong><br><strong>\u25d7 Free &#8211; register <span style=\"color: #f356c4;\"><a style=\"color: #f356c4;\" href=\"https:\/\/m-a-i.tuxedobillet.com\/main\/les-liens-vernissage\" target=\"_blank\" rel=\"noopener\">here &gt;<\/a><\/span><\/strong><\/p>\n<\/div>\n\n\n\n<div class=\"wp-block-column is-layout-flow wp-block-column-is-layout-flow\" style=\"flex-basis:66.66%\">\n<p>Join us for the opening vernissage of <span style=\"color: #f356c4;\"><a style=\"color: #f356c4;\" href=\"https:\/\/www.m-a-i.qc.ca\/en\/thierry-hurard\/\" target=\"_blank\" rel=\"noopener\"><em><strong>les liens<\/strong><\/em><\/a><\/span> with <strong>Thierry Huard<\/strong> and <strong>Nate Yaffe<\/strong>! The exhibition\/installation\/intervention will run from February 3rd to 26th, and is free to access from Tuesday to Saturday, 12 p.m. to 6 p.m. <span style=\"color: #f356c4;\"><a style=\"color: #f356c4;\" href=\"https:\/\/www.facebook.com\/events\/313978473848854\/\" target=\"_blank\" rel=\"noopener\"><strong>Facebook event &gt;<\/strong><\/a><\/span><\/p>\n<\/div>\n<\/div>\n\n\n<p><strong><span style=\"color: #f558c5;\">SUNDAY, FEB. 6<\/span> \/\/ <em>Temple for Queers: Frozen Sky Lodge<\/em> with Weather beings : Moe &amp; Victoria<\/strong><\/p>\n\n\n<div class=\"wp-block-columns is-layout-flex wp-container-core-columns-is-layout-28f84493 wp-block-columns-is-layout-flex\">\n<div class=\"wp-block-column is-layout-flow wp-block-column-is-layout-flow\" style=\"flex-basis:33.33%\">\n<p><strong>\u25d7 5 to 6 p.m., <span style=\"color: #f558c5;\">ONLINE<\/span><\/strong><br><strong>\u25d7 Included in the <span style=\"color: #f558c5;\"><a style=\"color: #f558c5;\" href=\"https:\/\/www.eventbrite.com\/e\/queer-performance-camp-2022-studio-303-tickets-256158425747\" target=\"_blank\" rel=\"noopener\">QPC pass &gt;<\/a><\/span><br>\u25d7 In English, Te Reo Maori, n\u00eahiyaw\u00eawin + whatever languages the spirits want to speak. &#8211; French translation via chat<br><\/strong><\/p>\n<\/div>\n\n\n\n<div class=\"wp-block-column is-layout-flow wp-block-column-is-layout-flow\" style=\"flex-basis:66.66%\">\n<p dir=\"ltr\">cosmic conduits + freakee devotees&nbsp;<br>we assemble at 5:00<br>prayer begins as light descends (5:08pm)<\/p>\n<p dir=\"ltr\">mythical beings conjured at the in-between&nbsp;<br>in tastawayihk-iyiniwak we believe<br>takat\u0101pui winds animate<br>their magical voices we receive<\/p>\n<p dir=\"ltr\">somatic sensing commencing<br>we trance softly and gently<br>requesting permission from&nbsp;<br>celestial, terrestrial + subterranean guardians<br>to align sacred frequencies<\/p>\n<p dir=\"ltr\">we enchant, incant, body wiggle, spirit squiggle<br>in a great conjuring of aroha &#8211; sakihitowin<br>we praise intimate kin<\/p>\n<p dir=\"ltr\"><span style=\"font-weight: 400;\"><b>What to bring: <\/b>dress to impress the spirits + bring a small personal towel. No cellphones, come as you would to a ceremony.<\/span><\/p>\n<p><span style=\"font-weight: 400;\">&nbsp;<\/span><\/p>\n\n\n<p><b> ABOUT <i> TEMPLE FOR QUEERS <\/i> <\/b> [read more]<\/p>\n\n\n\n<p><span style=\"font-weight: 400;\"><em>Temple for Queers<\/em> is an offering of frames or conduits for participants to pass through as individuals, and through being together in space.<\/span><\/p>\n<p><span style=\"font-weight: 400;\">The invited artists are encouraged to weave their own practices, reflections, and curiosities into the fabric of a facilitated spiritual experience, centering their personal interests, desires, pleasures, and joys, however queer or traditional they may be.&nbsp;<br><\/span><\/p>\n\n\n<p>[\/read]<\/p>\n\n\n<p><b> ACCESSIBILITY <\/b> [read more]<\/p>\n\n\n\n<p>Low-key participation is invited, with an invitation to witness, to engage in gentle movements and interact with hanging ice prayer ties. Activating voice is also invited, with space for group voicing and personal expression.<\/p>\n\n\n<p>[\/read]<\/p>\n\n\n<p><b> BIO <\/b> [read more]<\/p>\n\n\n\n<p><strong>Victoria Hunt<\/strong> and <strong>Moe Clark<\/strong> come together to form&nbsp;<strong>Weather Beings.&nbsp;<\/strong>As 2Spirit Indigenous artists, we assert our position to reclaim, restore and re\/matriate feminine and queer knowledge into our cultural and creative practices. Akin to call &amp; response, we call backwards into the future from our present position in a reciprocal imagining.&nbsp;Using body weather (BW) practice, movement + vocal improvisation, and t\u00eaw\u00eahikan (drum) song, we examine intersections of our cosmologies and whakapapa\/ wahkohtowin (kinships) in Te Reo Maori and n\u00eahiyaw\u00eawin (Plains Cree) languages.&nbsp;&nbsp;<\/p>\n<p>We learn and embody protocols in order to question and transform the binaries they often impose. We reinstate our bodies as agents for change in creative ceremonies that ritualize remembering. Our 2S\/ Indigiqueer futures live in our ability to wake up from forced-amnesia through resurgent practices of embodied transmission.<\/p>\n<p><span lang=\"EN-US\">\u00e2pihtawikosis\u00e2niskw\u00eaw (M\u00e9tis \/ N\u00eahiyaw \/ Norwegian \/ French \/ British) multidisciplinary artist <\/span><b><span lang=\"EN-US\">Moe Clark <\/span><\/b><span lang=\"EN-US\">is <\/span>a 2Spirit<b> <\/b>singing thunderbird. She<span lang=\"EN-US\"> fuses together vocal improvisation with multilingual lyricism to create meaning that is rooted in personal legacy, ancestral memory and embodied knowledge. Award-winning artist, <\/span>her last solo album \u201cWithin\u201d toured internationally and her video poem \u201cnitahk\u00f4tan\u201d won best Indigenous language music video at the ImagiNative film festival. <span lang=\"EN-US\">Her work has appeared the world over, including the <i>Lincoln Centre<\/i> (US), <i>UBUD Writers &amp; Readers Festival<\/i> (ID) and <i>Origins<\/i> Festival in London (UK). <span style=\"color: #f356c4;\"><a style=\"color: #f356c4;\" href=\"http:\/\/www.moeclark.ca\/\" target=\"_blank\" rel=\"noopener\">www.moeclark.ca<\/a><\/span><\/span><\/p>\n<p><strong>Victoria Hunt (ia\/she\/they)<br><\/strong><em>Iwi\/Tribes: Ohomairangi, Te Arawa, Rongowhaakata, Kahungunu, Irish, English, Finnish.&nbsp;<br><\/em><em>Born on uncededYugambeh Country, Surfers Paradise, Australia<br><\/em>Victoria traverses the visual and performing arts as a dancer, choreographer, director, photographer and filmmaker. Her work is liminal and reinstates the power of Indigenous creativity within the politics of Rematriation \u2013 inserting the body into frameworks of power, for future ancestors. Central to this is Whakapapa (kinship\/genealogies), Mana Atua Wahine&nbsp; (feminine\/tapu\/energy), Body Weather and IndigiQueer revitalization within creation practices. Her work is a gradual binding of intimate collaboration between artists, elders and communities. She is a founding member of De Quincey Co., Australia\u2019s leading Body Weather dance company. Her award-winning works have toured nationally and internationally to critical acclaim.&nbsp;<\/p>\n\n\n<p>[\/read]<\/p>\n<\/div>\n<\/div>\n\n\n<p><strong><span style=\"color: #f558c5;\">MONDAY, FEB. 7<\/span> \/\/<\/strong> <b><i>Two Spirit &amp; Indigiqueer Futurisms: from sci-fi storytelling to sovereign spaces <\/i>with Gabe Calder\u00f3n<\/b><\/p>\n\n\n<div class=\"wp-block-columns is-layout-flex wp-container-core-columns-is-layout-28f84493 wp-block-columns-is-layout-flex\">\n<div class=\"wp-block-column is-layout-flow wp-block-column-is-layout-flow\" style=\"flex-basis:33.33%\">\n<p><strong>\u25d7 7 to 9 p.m., <span style=\"color: #f558c5;\">ONLINE<br><span style=\"color: #000000;\">\u25d7 Included in the <a style=\"color: #f558c5;\" href=\"https:\/\/www.eventbrite.com\/e\/queer-performance-camp-2022-studio-303-tickets-256158425747\" target=\"_blank\" rel=\"noopener\">QPC pass &gt;<\/a><br>\u25d7 In English &#8211; French translation via chat<\/span><\/span><\/strong><\/p>\n<\/div>\n\n\n\n<div class=\"wp-block-column is-layout-flow wp-block-column-is-layout-flow\" style=\"flex-basis:66.66%\">\n<p><span style=\"font-weight: 400;\">This interactive knowledge sharing session centres around two spirit and the expression of word through writing prompts with participants, as well as some teachings and understandings of two spirit.<\/span><\/p>\n<p><span style=\"font-weight: 400;\">\u201cTwo spirit has always been a sacred community and spiritual role within Indigenous communities to Turtle Island &#8211; as in-betweens, we offer the world a unique view, we bend time and space as the keepers of balance. Our stories, lived experiences and artistic outputs are vital to the healing of Indigenous and queer and gender diverse communities. From poetry, speculative fiction, documentaries, satirical playwriting, erotic paintings, beaded BDSM hoods and evocative dance, we currate and create the unimaginable, the unbelieveable and the impossible, birthing new realities and new ways of exsisting.\u201d &#8211; <strong>Gabe Calder\u00f3n<\/strong><\/span><\/p>\n\n\n<p><b> BIO <\/b> [read more]<\/p>\n\n\n\n<p><span style=\"font-weight: 400;\"><strong>Gabe Calder\u00f3n<\/strong> (they\/them, kiin\/wiin) is nij-manidowag, ayakwew, puion &amp; \u00eehkwew (two spirit\/trans), queer and Mi&#8217;kmaq\/L\u2019nu, Algonquin\/Omamiwinini, Scottish and French Canadian thriving with disAbilities and neurodivergence. They currently live in Treaty 6 territory&#8217;s Amiskwac\u00eew\u00e2skahikan (Edmonton) as an author,&nbsp; poet, mixed media artist, activist and educator. Gabe has achieved several literary and poetry awards, namely a Lambda Literary Award 2021, an Indigenous Arts and Stories from the Governor General\u2019s Awards in 2019 and 2nd place at the Canadian Festival of Spoken Work 2019. Gabe&#8217;s debut novel: M\u00e0g\u00f2diz will be released October 2022, the first three chapters are found in &#8220;Andw\u00e0nik\u00e0djigan&#8221; in the anthology: Love After the End published by Arsenal Pulp Press. You can find Gabe on Twitter, Instagram and Tiktok: @nishingabe or on their website: <span style=\"color: #f356c4;\"><a style=\"color: #f356c4;\" href=\"https:\/\/www.mokinanconsulting.com\/\" target=\"_blank\" rel=\"noopener\">www.mokinanconsulting.com<\/a><\/span>.<\/span><\/p>\n\n\n<p>[\/read]<\/p>\n<\/div>\n<\/div>\n\n\n<p><strong><span style=\"color: #f558c5;\">SATURDAY, FEB. 12<\/span> \/\/<em> Tea with Lenore &amp; Lois<\/em> with Lenore Claire Herrem + Lois Weaver<\/strong><\/p>\n\n\n<div class=\"wp-block-columns is-layout-flex wp-container-core-columns-is-layout-28f84493 wp-block-columns-is-layout-flex\">\n<div class=\"wp-block-column is-layout-flow wp-block-column-is-layout-flow\" style=\"flex-basis:33.33%\">\n<p><strong>\u25d7 10 a.m. to 12 p.m., <span style=\"color: #f558c5;\">ONLINE<\/span><\/strong><br><strong>\u25d7 Included in the <span style=\"color: #f558c5;\"><a style=\"color: #f558c5;\" href=\"https:\/\/www.eventbrite.com\/e\/queer-performance-camp-2022-studio-303-tickets-256158425747\" target=\"_blank\" rel=\"noopener\">QPC pass &gt;<\/a><\/span><br>\u25d7 In English &#8211; French translation via chat<br><\/strong><\/p>\n<\/div>\n\n\n\n<div class=\"wp-block-column is-layout-flow wp-block-column-is-layout-flow\" style=\"flex-basis:66.66%\">\n<p><span style=\"font-weight: 400;\">Elders hold an important role in the fabric of Queer community. Meeting each other for the first time through this online gathering, this intergenerational duo will exchange and reflect on what came before, what\u2019s happening now, and what\u2019s coming next.&nbsp;<\/span><\/p>\n<p><span style=\"font-weight: 400;\">Participants are welcome to ask questions and join in on the conversation &#8211; or listen in, \u00e0 la podcast!<\/span><\/p>\n\n\n<p><b> BIO <\/b> [read more]<\/p>\n\n\n\n<p><span style=\"font-weight: 400;\"><strong>Lenore Claire Herrem<\/strong> is a multi-disciplinary artist from Saskatoon based in Tio&#8217;Tia:Ke\/Montreal. She has training in theatre performance from the University of Saskatchewan, and currently works in a variety of digital formats including animation, webseries, portraiture, and graphic design. Precious Puppies is a current focus in particular, encompassing an animated series, clothing brand, zines, stickers, and other hand-crafted merchandise. The series began as experimental mini episodes in 2018, and the second full season of the show is currently in production. The Sandy Bridges Show is another multi-faceted project of Lenore\u2019s, produced as both a web series and live event. Sandy Bridges has been an alter-ego of hers since 2009- emcee, stand up comedienne, lifestyle coach, and more. Lenore is also a community events organizer, and co-founded Taking What We Need in 2015, which is a grassroots fundraising and community organization for Montreal\u2019s low-income transfeminine community. Most recently, Lenore was production dramaturg and played &#8220;Katie&#8221; in the original work &#8220;Fruitcake&#8221; in Saskatoon with 25th St Theatre.<\/span><\/p>\n<p class=\"\"><strong>Lois Weaver<\/strong>&nbsp;is an artist, activist, facilitator, and Professor of Contemporary Performance at <span style=\"color: #f356c4;\"><a style=\"color: #f356c4;\" href=\"http:\/\/qmul.ac.uk\/\" target=\"_blank\" rel=\"noopener\">Queen Mary University of London<\/a><\/span>. Lois is a 2014 Guggenheim Fellow and a <span style=\"color: #f356c4;\"><a style=\"color: #f356c4;\" href=\"http:\/\/wellcome.ac.uk\/\" target=\"_blank\" rel=\"noopener\">Wellcome Trust<\/a><\/span>&nbsp;Engaging Science Fellow for 2016-19. She was awarded the WOW Women in Creative Industries \u2018Fighting the Good Fight\u2019 award in 2018. In 2019 she was awarded an International Chair at Artec Paris 8 University at the National Institute for the History of Art, Paris, and the Queen Mary Centre for Public Engagement Hawking Award for Developed Understanding of Public Engagement.<br>Her work hinges on visibility, challenging convention, and public engagement. <span style=\"color: #f356c4;\"><a style=\"color: #f356c4;\" href=\"http:\/\/www.split-britches.com\/lois\" target=\"_blank\" rel=\"noopener\">http:\/\/www.split-britches.com\/lois<\/a><\/span><\/p>\n\n\n<p>[\/read]<\/p>\n<\/div>\n<\/div>\n\n\n<p><strong><span style=\"color: #f558c5;\">SUNDAY, FEB. 13<\/span> \/\/ <\/strong><b><i>Temple for Queers: revitalizing holy spaces using movement, mindfulness and magic <\/i>with Cosmique Tea<i><br><\/i><\/b><\/p>\n\n\n<div class=\"wp-block-columns is-layout-flex wp-container-core-columns-is-layout-28f84493 wp-block-columns-is-layout-flex\">\n<div class=\"wp-block-column is-layout-flow wp-block-column-is-layout-flow\" style=\"flex-basis:33.33%\">\n<p><strong>\u25d7 1 to 2 p.m., <span style=\"color: #f558c5;\">ONLINE<\/span><\/strong><br><strong>\u25d7 Included in the <span style=\"color: #f558c5;\"><a style=\"color: #f558c5;\" href=\"https:\/\/www.eventbrite.com\/e\/queer-performance-camp-2022-studio-303-tickets-256158425747\" target=\"_blank\" rel=\"noopener\">QPC pass &gt;<\/a><\/span><br>\u25d7 In English &#8211; French translation via chat<br><\/strong><\/p>\n<\/div>\n\n\n\n<div class=\"wp-block-column is-layout-flow wp-block-column-is-layout-flow\" style=\"flex-basis:66.66%\">\n<p><span style=\"font-weight: 400;\">In short, revitalizing holy spaces using movement, mindfulness and magic will serve as a safe(r) space for participants to excavate below the surface feelings and energy in motion (emotions) through the use of ancient and ancestral practices that can include but are not limited to movement, mindfulness and good ole magic.<\/span><\/p>\n\n\n<p><b> ABOUT <i> TEMPLE FOR QUEERS <\/i> <\/b> [read more]<\/p>\n\n\n\n<p><span style=\"font-weight: 400;\"><em>Temple for Queers<\/em> is an offering of frames or conduits for participants to pass through as individuals, and through being together in space.<\/span><\/p>\n<p><span style=\"font-weight: 400;\">The invited artists are encouraged to weave their own practices, reflections, and curiosities into the fabric of a facilitated spiritual experience, centring their personal interests, desires, pleasures, and joys, however queer or traditional they may be.&nbsp;<\/span><\/p>\n\n\n<p>[\/read]<\/p>\n\n\n<p><b> ACCESSIBILITY <\/b> [read more]<\/p>\n\n\n\n<p>Details coming soon \u2013 in the meantime, contact us with any questions or concerns.<\/p>\n\n\n<p>[\/read]<\/p>\n\n\n<p><b> BIO <\/b> [read more]<\/p>\n\n\n\n<p><b>\u200b\u200bToni-Anne Fowler<\/b><span style=\"font-weight: 400;\"> (she\/they) is a Youth and Cosmique Care Practitioner based in Tiohti\u00e0:ke (Montr\u00e9al). Toni aka Tea co-creates sacred safer-spaces for youth and adults to connect, release and receive care that is intentional, transformative and liberating.<\/span><\/p>\n\n\n<p>[\/read]<\/p>\n<\/div>\n<\/div>\n\n\n<h2 class=\"wp-block-heading\" id=\"workshops\"><mark style=\"background-color:rgba(0, 0, 0, 0);color:#14b5f3\" class=\"has-inline-color\">WORKSHOPS<\/mark><\/h2>\n\n<p><strong><span style=\"color: #15b5f2;\">MONDAY, FEB. 7 TO FRIDAY, FEB. 11<\/span> \/\/ <em>DAY RAVE<\/em> workshop with Malik Nashad Sharpe<\/strong><\/p>\n\n\n<div class=\"wp-block-columns is-layout-flex wp-container-core-columns-is-layout-28f84493 wp-block-columns-is-layout-flex\">\n<div class=\"wp-block-column is-layout-flow wp-block-column-is-layout-flow\" style=\"flex-basis:33.33%\">\n<p><strong>\u25d7&nbsp;10 a.m. to 1 p.m. (Mon. &#8211; Fri.)<br>\u25d7&nbsp;Open to artists of all disciplines<br>\u25d7 Language of instruction: English (Questions can also be asked in&nbsp; French)<\/strong><br><strong>\u25d7 Registration and details <span style=\"color: #15b5f2;\"><a style=\"color: #15b5f2;\" href=\"https:\/\/www.studio303.ca\/en\/in-studio-malik-nashad-sharpe-ldn-mtl-day-rave\/\" target=\"_blank\" rel=\"noopener\">here &gt;<\/a><\/span><\/strong><\/p>\n<\/div>\n\n\n\n<div class=\"wp-block-column is-layout-flow wp-block-column-is-layout-flow\" style=\"flex-basis:66.66%\">\n<p><em>DAY RAVE<\/em> is a collaborative creation process that looks towards rave culture in order to find tools for making choreography together. Inspired by both the collectivity and autonomy of raving during these unprecedented times where particular ways of gathering have been caught up in the fraught frameworks of il\/legality, it feels important to consider this space, this culture, as a site of generative possibility. In this workshop, we will spend much of our time dancing alone, or together, cultivating movement practices that stem and originate from our own unique desires, against the desires of those around us. What we make of it, what we do with it, is up for grabs. RAVE CULTURE SHOWS US THE WAY.<\/p>\n<\/div>\n<\/div>\n\n\n<p><strong><span style=\"color: #14b5f3;\">POSTPONED &#8211; MARCH 27TH<\/span>&nbsp;\/\/ <em>Vocal Soundpainting<\/em> workshop with Gabriel Dharmoo<\/strong><\/p>\n\n\n<div class=\"wp-block-columns is-layout-flex wp-container-core-columns-is-layout-28f84493 wp-block-columns-is-layout-flex\">\n<div class=\"wp-block-column is-layout-flow wp-block-column-is-layout-flow\" style=\"flex-basis:33.33%\">\n<p><strong>\u25d7 2 p.m. to 5 p.m.<br>\u25d7&nbsp;Open to artists of all disciplines<br>\u25d7 Language of instruction: French (Questions can also be asked in&nbsp; English)<br>\u25d7 Registration and details <span style=\"color: #15b5f2;\"><a style=\"color: #15b5f2;\" href=\"https:\/\/www.studio303.ca\/en\/in-studio-vocal-soundpainting-with-gabriel-dharmoo\/\" target=\"_blank\" rel=\"noopener\">here &gt;<\/a><\/span><br><\/strong><\/p>\n<\/div>\n\n\n\n<div class=\"wp-block-column is-layout-flow wp-block-column-is-layout-flow\" style=\"flex-basis:66.66%\">\n<p><span style=\"font-weight: 400;\">Vocal exploration and improvisation session for artists of all disciplines, guided by <strong>Gabriel Dharmoo<\/strong>, musician and drag artist who is presenting his show <span style=\"color: #15b5f2;\"><a style=\"color: #15b5f2;\" href=\"https:\/\/www.m-a-i.qc.ca\/en\/gabriel-dharmoo\/\" target=\"_blank\" rel=\"noopener\"><em><strong>Bijuriya<\/strong><\/em><\/a><\/span> at MAI from March 17-19, 2022.<\/span><\/p>\n<\/div>\n<\/div>\n\n\n<h2 class=\"wp-block-heading\" id=\"shows\"><mark style=\"background-color:rgba(0, 0, 0, 0);color:#f49346\" class=\"has-inline-color\">SHOWS<\/mark><\/h2>\n\n<p><strong><span style=\"color: #f49346;\">POSTPONED: THURSDAY, MARCH 17 TO SATURDAY, MARCH 19<\/span>&nbsp;\/\/ <em>Bijuriya<\/em> with Gabriel Dharmoo<\/strong><\/p>\n\n\n<div class=\"wp-block-columns is-layout-flex wp-container-core-columns-is-layout-28f84493 wp-block-columns-is-layout-flex\">\n<div class=\"wp-block-column is-layout-flow wp-block-column-is-layout-flow\" style=\"flex-basis:33.33%\">\n<p><strong>\u25d7&nbsp;3 showings at <span style=\"color: #f49346;\"><a style=\"color: #f49346;\" href=\"https:\/\/www.m-a-i.qc.ca\/en\/\" target=\"_blank\" rel=\"noopener\">MAI&nbsp;<\/a><\/span><\/strong><br><strong>\u25d7&nbsp;Box office <span style=\"color: #f49346;\"><a style=\"color: #f49346;\" href=\"https:\/\/www.m-a-i.qc.ca\/en\/gabriel-dharmoo\/\" target=\"_blank\" rel=\"noopener\">now open &gt;<\/a><\/span>&nbsp;<br>\u25d7 Discount offered to anyone who attends a Queer Performance Camp gathering or workshop!&nbsp;<\/strong><\/p>\n<\/div>\n\n\n\n<div class=\"wp-block-column is-layout-flow wp-block-column-is-layout-flow\" style=\"flex-basis:66.66%\">\n<p><strong>Gabriel<\/strong>&nbsp;is a music composer and experimental vocalist.&nbsp;<strong>Bijuriya<\/strong>&nbsp;is a drag artist engaging with South Asian culture. Gabriel values innovation and risk taking as he navigates Eurocentric artistic scenes. On social media, Bijuriya lip-syncs her way into the hearts of brown queers. Both of them have marginal practices but they have very different audiences. Gabriel and Bijuriya are one person; it\u2019s time to bring them together on one stage. Code-switching between drag, critical discourse and sound singing, this piece celebrates the artist\u2019s brownness through an array of unexpected talents. A quirky yet vulnerable exploration of their inadequacy to fully represent the subcultures they seek to embrace.<\/p>\n<\/div>\n<\/div>\n\n\n<p><strong><span style=\"color: #f49346;\">CANCELLED<\/span> \/\/ <em>How to Fail as a Popstar<\/em> with <span style=\"font-size: inherit; font-family: -apple-system, BlinkMacSystemFont, 'Segoe UI', Roboto, Oxygen-Sans, Ubuntu, Cantarell, 'Helvetica Neue', sans-serif;\">Vivek Shraya<\/span><\/strong><\/p>\n\n\n<div class=\"wp-block-columns is-layout-flex wp-container-core-columns-is-layout-28f84493 wp-block-columns-is-layout-flex\">\n<div class=\"wp-block-column is-layout-flow wp-block-column-is-layout-flow\" style=\"flex-basis:33.33%\">\n<p><strong>\u25d7 Enjoy a <span style=\"color: #f49346;\"><a style=\"color: #f49346;\" href=\"https:\/\/lachapelle.org\/fr\/programmation\/queer-performance-camp-2022\" target=\"_blank\" rel=\"noopener\">QPC edition of <em>#Lachapellelit<\/em> instead &gt;<\/a><\/span><br><\/strong><\/p>\n<\/div>\n\n\n\n<div class=\"wp-block-column is-layout-flow wp-block-column-is-layout-flow\" style=\"flex-basis:66.66%\">\n<p>Illuminating, raw, honest and hopeful, this debut theatrical work chronicles <strong>Vivek<\/strong>\u2019s journey to \u201cnot quite\u201d pop music superstardom. A reflection on the power of pop culture, dreams, disappointments, and self-determination, this astonishing performance is a triumph in finding one\u2019s authentic voice.<\/p>\n<\/div>\n<\/div>\n\n\n<hr>\n<p style=\"text-align: left;\"><strong><a href=\"https:\/\/www.studio303.ca\/en\/accessibility-2\/\" target=\"_blank\" rel=\"noopener\">STUDIO 303\u2019S ACCESSIBILITY &gt;<\/a>&nbsp;<br><em>New QPC logo by <a href=\"https:\/\/www.madebyfranznfriends.com\/\" target=\"_blank\" rel=\"noopener\">Francesca Chudnoff<\/a><\/em><\/strong><\/p>\n\n\n<p><\/p>\n","protected":false},"excerpt":{"rendered":"<p>February 3rd to 13th, 2022<\/p>\n","protected":false},"author":2,"featured_media":13052,"comment_status":"closed","ping_status":"closed","sticky":false,"template":"","format":"standard","meta":{"_acf_changed":false,"inline_featured_image":false,"_exactmetrics_skip_tracking":false,"_exactmetrics_sitenote_active":false,"_exactmetrics_sitenote_note":"","_exactmetrics_sitenote_category":0,"_themeisle_gutenberg_block_has_review":false,"footnotes":""},"categories":[45,48],"tags":[],"class_list":["post-11110","post","type-post","status-publish","format-standard","has-post-thumbnail","hentry","category-archive","category-queer-performance-camp"],"acf":[],"yoast_head":"<!-- This site is optimized with the Yoast SEO plugin v27.4 - https:\/\/yoast.com\/product\/yoast-seo-wordpress\/ -->\n<title>Queer Performance Camp 2022 - Studio 303<\/title>\n<meta name=\"robots\" content=\"index, follow, max-snippet:-1, max-image-preview:large, max-video-preview:-1\" \/>\n<link rel=\"canonical\" href=\"https:\/\/www.studio303.ca\/en\/queer-performance-camp-5\/\" \/>\n<meta property=\"og:locale\" content=\"en_US\" \/>\n<meta property=\"og:type\" content=\"article\" \/>\n<meta property=\"og:title\" content=\"Queer Performance Camp 2022 - Studio 303\" \/>\n<meta property=\"og:description\" content=\"February 3rd to 13th, 2022\" \/>\n<meta property=\"og:url\" content=\"https:\/\/www.studio303.ca\/en\/queer-performance-camp-5\/\" \/>\n<meta property=\"og:site_name\" content=\"Studio 303\" \/>\n<meta property=\"article:publisher\" content=\"https:\/\/www.facebook.com\/studio303.montreal\" \/>\n<meta property=\"article:published_time\" content=\"2021-07-12T13:43:19+00:00\" \/>\n<meta property=\"article:modified_time\" content=\"2022-09-29T19:59:41+00:00\" \/>\n<meta property=\"og:image\" content=\"https:\/\/www.studio303.ca\/wp-content\/uploads\/2021\/07\/logo-QPC-2022_640x480.jpg\" \/>\n\t<meta property=\"og:image:width\" content=\"640\" \/>\n\t<meta property=\"og:image:height\" content=\"480\" \/>\n\t<meta property=\"og:image:type\" content=\"image\/jpeg\" \/>\n<meta name=\"author\" content=\"Studio 303\" \/>\n<meta name=\"twitter:card\" content=\"summary_large_image\" \/>\n<meta name=\"twitter:label1\" content=\"Written by\" \/>\n\t<meta name=\"twitter:data1\" content=\"Studio 303\" \/>\n\t<meta name=\"twitter:label2\" content=\"Est. reading time\" \/>\n\t<meta name=\"twitter:data2\" content=\"10 minutes\" \/>\n<script type=\"application\/ld+json\" class=\"yoast-schema-graph\">{\"@context\":\"https:\\\/\\\/schema.org\",\"@graph\":[{\"@type\":\"Article\",\"@id\":\"https:\\\/\\\/www.studio303.ca\\\/en\\\/queer-performance-camp-5\\\/#article\",\"isPartOf\":{\"@id\":\"https:\\\/\\\/www.studio303.ca\\\/en\\\/queer-performance-camp-5\\\/\"},\"author\":{\"name\":\"Studio 303\",\"@id\":\"https:\\\/\\\/www.studio303.ca\\\/#\\\/schema\\\/person\\\/40ae52c09f157a123cfb5715ae871308\"},\"headline\":\"Queer Performance Camp 2022\",\"datePublished\":\"2021-07-12T13:43:19+00:00\",\"dateModified\":\"2022-09-29T19:59:41+00:00\",\"mainEntityOfPage\":{\"@id\":\"https:\\\/\\\/www.studio303.ca\\\/en\\\/queer-performance-camp-5\\\/\"},\"wordCount\":2263,\"publisher\":{\"@id\":\"https:\\\/\\\/www.studio303.ca\\\/#organization\"},\"image\":{\"@id\":\"https:\\\/\\\/www.studio303.ca\\\/en\\\/queer-performance-camp-5\\\/#primaryimage\"},\"thumbnailUrl\":\"https:\\\/\\\/www.studio303.ca\\\/wp-content\\\/uploads\\\/2021\\\/07\\\/logo-QPC-2022_640x480.jpg\",\"articleSection\":[\"Archive\",\"Queer Performance Camp\"],\"inLanguage\":\"en-US\"},{\"@type\":\"WebPage\",\"@id\":\"https:\\\/\\\/www.studio303.ca\\\/en\\\/queer-performance-camp-5\\\/\",\"url\":\"https:\\\/\\\/www.studio303.ca\\\/en\\\/queer-performance-camp-5\\\/\",\"name\":\"Queer Performance Camp 2022 - Studio 303\",\"isPartOf\":{\"@id\":\"https:\\\/\\\/www.studio303.ca\\\/#website\"},\"primaryImageOfPage\":{\"@id\":\"https:\\\/\\\/www.studio303.ca\\\/en\\\/queer-performance-camp-5\\\/#primaryimage\"},\"image\":{\"@id\":\"https:\\\/\\\/www.studio303.ca\\\/en\\\/queer-performance-camp-5\\\/#primaryimage\"},\"thumbnailUrl\":\"https:\\\/\\\/www.studio303.ca\\\/wp-content\\\/uploads\\\/2021\\\/07\\\/logo-QPC-2022_640x480.jpg\",\"datePublished\":\"2021-07-12T13:43:19+00:00\",\"dateModified\":\"2022-09-29T19:59:41+00:00\",\"breadcrumb\":{\"@id\":\"https:\\\/\\\/www.studio303.ca\\\/en\\\/queer-performance-camp-5\\\/#breadcrumb\"},\"inLanguage\":\"en-US\",\"potentialAction\":[{\"@type\":\"ReadAction\",\"target\":[\"https:\\\/\\\/www.studio303.ca\\\/en\\\/queer-performance-camp-5\\\/\"]}]},{\"@type\":\"ImageObject\",\"inLanguage\":\"en-US\",\"@id\":\"https:\\\/\\\/www.studio303.ca\\\/en\\\/queer-performance-camp-5\\\/#primaryimage\",\"url\":\"https:\\\/\\\/www.studio303.ca\\\/wp-content\\\/uploads\\\/2021\\\/07\\\/logo-QPC-2022_640x480.jpg\",\"contentUrl\":\"https:\\\/\\\/www.studio303.ca\\\/wp-content\\\/uploads\\\/2021\\\/07\\\/logo-QPC-2022_640x480.jpg\",\"width\":640,\"height\":480},{\"@type\":\"BreadcrumbList\",\"@id\":\"https:\\\/\\\/www.studio303.ca\\\/en\\\/queer-performance-camp-5\\\/#breadcrumb\",\"itemListElement\":[{\"@type\":\"ListItem\",\"position\":1,\"name\":\"Home\",\"item\":\"https:\\\/\\\/www.studio303.ca\\\/en\\\/home\\\/\"},{\"@type\":\"ListItem\",\"position\":2,\"name\":\"Queer Performance Camp 2022\"}]},{\"@type\":\"WebSite\",\"@id\":\"https:\\\/\\\/www.studio303.ca\\\/#website\",\"url\":\"https:\\\/\\\/www.studio303.ca\\\/\",\"name\":\"Studio 303\",\"description\":\"Lieu de diffusion et de soutien pour la danse et l&#039;art indisciplin\u00e9 \u00e0 Montr\u00e9al.\",\"publisher\":{\"@id\":\"https:\\\/\\\/www.studio303.ca\\\/#organization\"},\"potentialAction\":[{\"@type\":\"SearchAction\",\"target\":{\"@type\":\"EntryPoint\",\"urlTemplate\":\"https:\\\/\\\/www.studio303.ca\\\/?s={search_term_string}\"},\"query-input\":{\"@type\":\"PropertyValueSpecification\",\"valueRequired\":true,\"valueName\":\"search_term_string\"}}],\"inLanguage\":\"en-US\"},{\"@type\":\"Organization\",\"@id\":\"https:\\\/\\\/www.studio303.ca\\\/#organization\",\"name\":\"Studio 303\",\"url\":\"https:\\\/\\\/www.studio303.ca\\\/\",\"logo\":{\"@type\":\"ImageObject\",\"inLanguage\":\"en-US\",\"@id\":\"https:\\\/\\\/www.studio303.ca\\\/#\\\/schema\\\/logo\\\/image\\\/\",\"url\":\"https:\\\/\\\/www.studio303.ca\\\/wp-content\\\/uploads\\\/2025\\\/08\\\/studio303-logo_black-c2586d.svg\",\"contentUrl\":\"https:\\\/\\\/www.studio303.ca\\\/wp-content\\\/uploads\\\/2025\\\/08\\\/studio303-logo_black-c2586d.svg\",\"caption\":\"Studio 303\"},\"image\":{\"@id\":\"https:\\\/\\\/www.studio303.ca\\\/#\\\/schema\\\/logo\\\/image\\\/\"},\"sameAs\":[\"https:\\\/\\\/www.facebook.com\\\/studio303.montreal\",\"http:\\\/\\\/instagram.com\\\/studio303\"]},{\"@type\":\"Person\",\"@id\":\"https:\\\/\\\/www.studio303.ca\\\/#\\\/schema\\\/person\\\/40ae52c09f157a123cfb5715ae871308\",\"name\":\"Studio 303\",\"image\":{\"@type\":\"ImageObject\",\"inLanguage\":\"en-US\",\"@id\":\"https:\\\/\\\/secure.gravatar.com\\\/avatar\\\/ed48799669d7f111eba71a9f3c7cfd7440352e887511c1ca683b06690450f02b?s=96&d=mm&r=g\",\"url\":\"https:\\\/\\\/secure.gravatar.com\\\/avatar\\\/ed48799669d7f111eba71a9f3c7cfd7440352e887511c1ca683b06690450f02b?s=96&d=mm&r=g\",\"contentUrl\":\"https:\\\/\\\/secure.gravatar.com\\\/avatar\\\/ed48799669d7f111eba71a9f3c7cfd7440352e887511c1ca683b06690450f02b?s=96&d=mm&r=g\",\"caption\":\"Studio 303\"},\"url\":\"https:\\\/\\\/www.studio303.ca\\\/en\\\/author\\\/admin-303\\\/\"}]}<\/script>\n<!-- \/ Yoast SEO plugin. -->","yoast_head_json":{"title":"Queer Performance Camp 2022 - Studio 303","robots":{"index":"index","follow":"follow","max-snippet":"max-snippet:-1","max-image-preview":"max-image-preview:large","max-video-preview":"max-video-preview:-1"},"canonical":"https:\/\/www.studio303.ca\/en\/queer-performance-camp-5\/","og_locale":"en_US","og_type":"article","og_title":"Queer Performance Camp 2022 - Studio 303","og_description":"February 3rd to 13th, 2022","og_url":"https:\/\/www.studio303.ca\/en\/queer-performance-camp-5\/","og_site_name":"Studio 303","article_publisher":"https:\/\/www.facebook.com\/studio303.montreal","article_published_time":"2021-07-12T13:43:19+00:00","article_modified_time":"2022-09-29T19:59:41+00:00","og_image":[{"width":640,"height":480,"url":"https:\/\/www.studio303.ca\/wp-content\/uploads\/2021\/07\/logo-QPC-2022_640x480.jpg","type":"image\/jpeg"}],"author":"Studio 303","twitter_card":"summary_large_image","twitter_misc":{"Written by":"Studio 303","Est. reading time":"10 minutes"},"schema":{"@context":"https:\/\/schema.org","@graph":[{"@type":"Article","@id":"https:\/\/www.studio303.ca\/en\/queer-performance-camp-5\/#article","isPartOf":{"@id":"https:\/\/www.studio303.ca\/en\/queer-performance-camp-5\/"},"author":{"name":"Studio 303","@id":"https:\/\/www.studio303.ca\/#\/schema\/person\/40ae52c09f157a123cfb5715ae871308"},"headline":"Queer Performance Camp 2022","datePublished":"2021-07-12T13:43:19+00:00","dateModified":"2022-09-29T19:59:41+00:00","mainEntityOfPage":{"@id":"https:\/\/www.studio303.ca\/en\/queer-performance-camp-5\/"},"wordCount":2263,"publisher":{"@id":"https:\/\/www.studio303.ca\/#organization"},"image":{"@id":"https:\/\/www.studio303.ca\/en\/queer-performance-camp-5\/#primaryimage"},"thumbnailUrl":"https:\/\/www.studio303.ca\/wp-content\/uploads\/2021\/07\/logo-QPC-2022_640x480.jpg","articleSection":["Archive","Queer Performance Camp"],"inLanguage":"en-US"},{"@type":"WebPage","@id":"https:\/\/www.studio303.ca\/en\/queer-performance-camp-5\/","url":"https:\/\/www.studio303.ca\/en\/queer-performance-camp-5\/","name":"Queer Performance Camp 2022 - Studio 303","isPartOf":{"@id":"https:\/\/www.studio303.ca\/#website"},"primaryImageOfPage":{"@id":"https:\/\/www.studio303.ca\/en\/queer-performance-camp-5\/#primaryimage"},"image":{"@id":"https:\/\/www.studio303.ca\/en\/queer-performance-camp-5\/#primaryimage"},"thumbnailUrl":"https:\/\/www.studio303.ca\/wp-content\/uploads\/2021\/07\/logo-QPC-2022_640x480.jpg","datePublished":"2021-07-12T13:43:19+00:00","dateModified":"2022-09-29T19:59:41+00:00","breadcrumb":{"@id":"https:\/\/www.studio303.ca\/en\/queer-performance-camp-5\/#breadcrumb"},"inLanguage":"en-US","potentialAction":[{"@type":"ReadAction","target":["https:\/\/www.studio303.ca\/en\/queer-performance-camp-5\/"]}]},{"@type":"ImageObject","inLanguage":"en-US","@id":"https:\/\/www.studio303.ca\/en\/queer-performance-camp-5\/#primaryimage","url":"https:\/\/www.studio303.ca\/wp-content\/uploads\/2021\/07\/logo-QPC-2022_640x480.jpg","contentUrl":"https:\/\/www.studio303.ca\/wp-content\/uploads\/2021\/07\/logo-QPC-2022_640x480.jpg","width":640,"height":480},{"@type":"BreadcrumbList","@id":"https:\/\/www.studio303.ca\/en\/queer-performance-camp-5\/#breadcrumb","itemListElement":[{"@type":"ListItem","position":1,"name":"Home","item":"https:\/\/www.studio303.ca\/en\/home\/"},{"@type":"ListItem","position":2,"name":"Queer Performance Camp 2022"}]},{"@type":"WebSite","@id":"https:\/\/www.studio303.ca\/#website","url":"https:\/\/www.studio303.ca\/","name":"Studio 303","description":"Lieu de diffusion et de soutien pour la danse et l&#039;art indisciplin\u00e9 \u00e0 Montr\u00e9al.","publisher":{"@id":"https:\/\/www.studio303.ca\/#organization"},"potentialAction":[{"@type":"SearchAction","target":{"@type":"EntryPoint","urlTemplate":"https:\/\/www.studio303.ca\/?s={search_term_string}"},"query-input":{"@type":"PropertyValueSpecification","valueRequired":true,"valueName":"search_term_string"}}],"inLanguage":"en-US"},{"@type":"Organization","@id":"https:\/\/www.studio303.ca\/#organization","name":"Studio 303","url":"https:\/\/www.studio303.ca\/","logo":{"@type":"ImageObject","inLanguage":"en-US","@id":"https:\/\/www.studio303.ca\/#\/schema\/logo\/image\/","url":"https:\/\/www.studio303.ca\/wp-content\/uploads\/2025\/08\/studio303-logo_black-c2586d.svg","contentUrl":"https:\/\/www.studio303.ca\/wp-content\/uploads\/2025\/08\/studio303-logo_black-c2586d.svg","caption":"Studio 303"},"image":{"@id":"https:\/\/www.studio303.ca\/#\/schema\/logo\/image\/"},"sameAs":["https:\/\/www.facebook.com\/studio303.montreal","http:\/\/instagram.com\/studio303"]},{"@type":"Person","@id":"https:\/\/www.studio303.ca\/#\/schema\/person\/40ae52c09f157a123cfb5715ae871308","name":"Studio 303","image":{"@type":"ImageObject","inLanguage":"en-US","@id":"https:\/\/secure.gravatar.com\/avatar\/ed48799669d7f111eba71a9f3c7cfd7440352e887511c1ca683b06690450f02b?s=96&d=mm&r=g","url":"https:\/\/secure.gravatar.com\/avatar\/ed48799669d7f111eba71a9f3c7cfd7440352e887511c1ca683b06690450f02b?s=96&d=mm&r=g","contentUrl":"https:\/\/secure.gravatar.com\/avatar\/ed48799669d7f111eba71a9f3c7cfd7440352e887511c1ca683b06690450f02b?s=96&d=mm&r=g","caption":"Studio 303"},"url":"https:\/\/www.studio303.ca\/en\/author\/admin-303\/"}]}},"_links":{"self":[{"href":"https:\/\/www.studio303.ca\/en\/wp-json\/wp\/v2\/posts\/11110","targetHints":{"allow":["GET"]}}],"collection":[{"href":"https:\/\/www.studio303.ca\/en\/wp-json\/wp\/v2\/posts"}],"about":[{"href":"https:\/\/www.studio303.ca\/en\/wp-json\/wp\/v2\/types\/post"}],"author":[{"embeddable":true,"href":"https:\/\/www.studio303.ca\/en\/wp-json\/wp\/v2\/users\/2"}],"replies":[{"embeddable":true,"href":"https:\/\/www.studio303.ca\/en\/wp-json\/wp\/v2\/comments?post=11110"}],"version-history":[{"count":27,"href":"https:\/\/www.studio303.ca\/en\/wp-json\/wp\/v2\/posts\/11110\/revisions"}],"predecessor-version":[{"id":15649,"href":"https:\/\/www.studio303.ca\/en\/wp-json\/wp\/v2\/posts\/11110\/revisions\/15649"}],"wp:featuredmedia":[{"embeddable":true,"href":"https:\/\/www.studio303.ca\/en\/wp-json\/wp\/v2\/media\/13052"}],"wp:attachment":[{"href":"https:\/\/www.studio303.ca\/en\/wp-json\/wp\/v2\/media?parent=11110"}],"wp:term":[{"taxonomy":"category","embeddable":true,"href":"https:\/\/www.studio303.ca\/en\/wp-json\/wp\/v2\/categories?post=11110"},{"taxonomy":"post_tag","embeddable":true,"href":"https:\/\/www.studio303.ca\/en\/wp-json\/wp\/v2\/tags?post=11110"}],"curies":[{"name":"wp","href":"https:\/\/api.w.org\/{rel}","templated":true}]}}