{"id":15365,"date":"2022-07-22T09:12:23","date_gmt":"2022-07-22T14:12:23","guid":{"rendered":"https:\/\/www.studio303.ca\/?p=15365"},"modified":"2023-06-22T11:38:39","modified_gmt":"2023-06-22T16:38:39","slug":"greissy-vecchionacce-movement-in-live","status":"publish","type":"post","link":"https:\/\/www.studio303.ca\/en\/greissy-vecchionacce-movement-in-live\/","title":{"rendered":"CANCELLED &#8211; GREISSY VECCHIONACCE (VE) \u00a0\u2013\u00a0Movement in live"},"content":{"rendered":"\n<p><strong>Nov. 14 to 16, 2022 <!--more-->\u2014 1:30 p.m. to 4:30 p.m.<\/strong> (Mon.,Tue., Wed.)<br><strong>Full week rate:<\/strong>&nbsp;50$ with Service Qu\u00e9bec \/ 115$ if non-eligible<br><strong>Drop-in class rate:&nbsp;<\/strong>19$ with Service Qu\u00e9bec \/ 40$ if non-eligible*&nbsp;<br><strong>Language of instruction:<\/strong> English, questions can be asked in Spanish<strong><br>Capacity: <\/strong>23 people, priority to full week attendance<br><strong>Open to artists of all disciplines<\/strong><\/p>\n\n\n\n<p><strong>REGISTER > <\/strong><br><strong>*No advance registration for drop-in attendance\u00a0<\/strong>\u2013 pay by credit or e-transfer on site the morning of, if places remain.<\/p>\n\n\n\n<p><strong><em>By registering for a workshop, you agree to cancel your participation if you have symptoms or suspect you may have COVID-19. Please read the&nbsp;<a href=\"https:\/\/www.studio303.ca\/en\/workshop-participant-engagement\/\" target=\"_blank\" rel=\"noreferrer noopener\">Participant Engagement<\/a>&nbsp;before registering. Thank you!<\/em><\/strong><\/p>\n\n\n\n<hr class=\"wp-block-separator has-css-opacity is-style-wide\"\/>\n\n\n<p><b>CONTENT \/\/ <\/b>It is a kind of research about the energetic states of the body.The proposal involves knowing how you can activate internal energy to generate external movement. It has a focus on resistance, breathing and especially on the vibration that accompanies your heart rate. The class seeks the discovery of new sensations that connect the mind, body and heart.&nbsp;It is an open process that constantly feeds on exploration and questions what arises in the day to day. I always wonder how much life is in the movement, what part of your heart is activated?&nbsp;<\/p>\n<p><strong>ACCESSIBILITY \/\/ <\/strong>Movement in Life (Contempo-Fusion Class) is a training based on experiencing and living energy through movement. Each day during the class we will experience how to increase our capacity to expand and empower the body&#8217;s energy to the maximum. The first part of the class is dedicated to breathing and whole body resistance exercises. Explanations will be addressed as they are being done. The music will be at a high volume at times and at others lower but always present generating an atmosphere. Then in the second part of the class we will approach the mobilization of energy through space with cardio, Afro-Venezuelan movements, jumps and an introduction to the energy that the krump dance generates. The class ends with guided personal exploration sessions focused on physical body energy management (holding, releasing, moving energy). The difficulty of the class increases day by day. During the class we use a lot of foot support on the floor, all parts of the body are engaged. We will have a break for water and fruit. The instructions can be quite adaptable.<\/p>\n<p><strong>BIO \/\/ <\/strong><strong>Greissy Stefanny Vecchionacce Alvarez<\/strong> is a Venezuelan dancer and former gymnast living in Mexico. She studied contemporary dance at the Universidad de las Artes de Venezuela. Greys has danced in companies such as Caracas Rojas Laboratorio, Neodanza de Caracas, Agente Libre and Teresa Danza Contempor\u00e1nea. She is currently a creator and researcher for projects that involve social impact processes such as Luminiscencia and Movimiento en Vida, where she focuses on movement research and TOSKA. She recently concluded her first European tour directed by Canadian choreographer Daina Ashbee where she performed <em>Time Creation<\/em> and <em>Destruction<\/em> at the Rencontres Festival in Paris and the KVS theater in Brussels. She was invited to perform her first solo <em>When the ice melts, we will drink the water?<\/em> at the Montpellier Danse De Montpellier festival; was selected as a creator and researcher at the Mov Queretaro Residency to work with migrants ans participated as a dancer in the International Dance Festival in Guadalajara. She is also dancing for Daina Ashbee in the International Festival of Contemporary Dance Tanztage in Germany, Potsdam.&nbsp;<\/p>\n\n\n<hr class=\"wp-block-separator has-css-opacity is-style-wide\"\/>\n\n\n\n<div class=\"wp-block-column is-layout-flow wp-block-column-is-layout-flow\">\n<div class=\"wp-block-columns is-layout-flex wp-container-core-columns-is-layout-28f84493 wp-block-columns-is-layout-flex\">\n<div class=\"wp-block-column is-layout-flow wp-block-column-is-layout-flow\">\n<p>\u00a0<\/p>\n<p><strong><a href=\"https:\/\/www.studio303.ca\/en\/which-rate-to-pay-emploi-quebec-criteria\/\" target=\"_blank\" rel=\"noreferrer noopener\">DETERMINE WHICH RATE TO PAY &gt;<\/a><br \/>OPEN REGISTRATION FORM IN NEW TAB &gt;\u00a0<\/strong><br \/><a href=\"https:\/\/www.studio303.ca\/en\/financial-accessibility\/\" target=\"_blank\" rel=\"noopener\"><strong>WORKSHOP BURSARY &gt;<\/strong><\/a><br \/><strong>WAITLIST &gt;<\/strong><br \/><a href=\"https:\/\/www.studio303.ca\/en\/accessibility-2\/\" target=\"_blank\" rel=\"noopener\"><strong>STUDIO 303\u2019S ACCESSIBILITY &gt;<\/strong><\/a><\/p>\n<\/div>\n\n\n\n<div class=\"wp-block-column is-layout-flow wp-block-column-is-layout-flow\" id=\"greissyen\"><\/div>\n<\/div>\n<\/div>\n","protected":false},"excerpt":{"rendered":"<p>Nov. 14 to 16, 2022<\/p>\n","protected":false},"author":2,"featured_media":15362,"comment_status":"closed","ping_status":"closed","sticky":false,"template":"","format":"standard","meta":{"_acf_changed":false,"inline_featured_image":false,"_exactmetrics_skip_tracking":false,"_exactmetrics_sitenote_active":false,"_exactmetrics_sitenote_note":"","_exactmetrics_sitenote_category":0,"_themeisle_gutenberg_block_has_review":false,"footnotes":""},"categories":[45,59,46],"tags":[],"class_list":["post-15365","post","type-post","status-publish","format-standard","has-post-thumbnail","hentry","category-archive","category-diffusion","category-professional-workshops"],"acf":[],"yoast_head":"<!-- This site is optimized with the Yoast SEO plugin v27.5 - https:\/\/yoast.com\/product\/yoast-seo-wordpress\/ -->\n<title>CANCELLED - GREISSY VECCHIONACCE (VE) \u00a0\u2013\u00a0Movement in live - Studio 303<\/title>\n<meta name=\"robots\" content=\"index, follow, max-snippet:-1, max-image-preview:large, max-video-preview:-1\" \/>\n<link rel=\"canonical\" href=\"https:\/\/www.studio303.ca\/en\/greissy-vecchionacce-movement-in-live\/\" \/>\n<meta property=\"og:locale\" content=\"en_US\" \/>\n<meta property=\"og:type\" content=\"article\" \/>\n<meta property=\"og:title\" content=\"CANCELLED - GREISSY VECCHIONACCE (VE) \u00a0\u2013\u00a0Movement in live - Studio 303\" \/>\n<meta property=\"og:description\" content=\"Nov. 14 to 16, 2022\" \/>\n<meta property=\"og:url\" content=\"https:\/\/www.studio303.ca\/en\/greissy-vecchionacce-movement-in-live\/\" \/>\n<meta property=\"og:site_name\" content=\"Studio 303\" \/>\n<meta property=\"article:publisher\" content=\"https:\/\/www.facebook.com\/studio303.montreal\" \/>\n<meta property=\"article:published_time\" content=\"2022-07-22T14:12:23+00:00\" \/>\n<meta property=\"article:modified_time\" content=\"2023-06-22T16:38:39+00:00\" \/>\n<meta property=\"og:image\" content=\"https:\/\/www.studio303.ca\/wp-content\/uploads\/2022\/07\/WS-Embodied-Meditation-Potsdamer-Tanztage-2022-c-Dajana-Lothert-13.05.2022-20x30-32-scaled.jpg\" \/>\n\t<meta property=\"og:image:width\" content=\"2560\" \/>\n\t<meta property=\"og:image:height\" content=\"1707\" \/>\n\t<meta property=\"og:image:type\" content=\"image\/jpeg\" \/>\n<meta name=\"author\" content=\"Studio 303\" \/>\n<meta name=\"twitter:card\" content=\"summary_large_image\" \/>\n<meta name=\"twitter:label1\" content=\"Written by\" \/>\n\t<meta name=\"twitter:data1\" content=\"Studio 303\" \/>\n\t<meta name=\"twitter:label2\" content=\"Est. reading time\" \/>\n\t<meta name=\"twitter:data2\" content=\"3 minutes\" \/>\n<script type=\"application\/ld+json\" class=\"yoast-schema-graph\">{\"@context\":\"https:\\\/\\\/schema.org\",\"@graph\":[{\"@type\":\"Article\",\"@id\":\"https:\\\/\\\/www.studio303.ca\\\/en\\\/greissy-vecchionacce-movement-in-live\\\/#article\",\"isPartOf\":{\"@id\":\"https:\\\/\\\/www.studio303.ca\\\/en\\\/greissy-vecchionacce-movement-in-live\\\/\"},\"author\":{\"name\":\"Studio 303\",\"@id\":\"https:\\\/\\\/www.studio303.ca\\\/#\\\/schema\\\/person\\\/40ae52c09f157a123cfb5715ae871308\"},\"headline\":\"CANCELLED &#8211; GREISSY VECCHIONACCE (VE) \u00a0\u2013\u00a0Movement in live\",\"datePublished\":\"2022-07-22T14:12:23+00:00\",\"dateModified\":\"2023-06-22T16:38:39+00:00\",\"mainEntityOfPage\":{\"@id\":\"https:\\\/\\\/www.studio303.ca\\\/en\\\/greissy-vecchionacce-movement-in-live\\\/\"},\"wordCount\":593,\"publisher\":{\"@id\":\"https:\\\/\\\/www.studio303.ca\\\/#organization\"},\"image\":{\"@id\":\"https:\\\/\\\/www.studio303.ca\\\/en\\\/greissy-vecchionacce-movement-in-live\\\/#primaryimage\"},\"thumbnailUrl\":\"https:\\\/\\\/www.studio303.ca\\\/wp-content\\\/uploads\\\/2022\\\/07\\\/WS-Embodied-Meditation-Potsdamer-Tanztage-2022-c-Dajana-Lothert-13.05.2022-20x30-32-scaled.jpg\",\"articleSection\":[\"Archive\",\"Diffusion\",\"Professional Workshops\"],\"inLanguage\":\"en-US\"},{\"@type\":\"WebPage\",\"@id\":\"https:\\\/\\\/www.studio303.ca\\\/en\\\/greissy-vecchionacce-movement-in-live\\\/\",\"url\":\"https:\\\/\\\/www.studio303.ca\\\/en\\\/greissy-vecchionacce-movement-in-live\\\/\",\"name\":\"CANCELLED - GREISSY VECCHIONACCE (VE) \u00a0\u2013\u00a0Movement in live - Studio 303\",\"isPartOf\":{\"@id\":\"https:\\\/\\\/www.studio303.ca\\\/#website\"},\"primaryImageOfPage\":{\"@id\":\"https:\\\/\\\/www.studio303.ca\\\/en\\\/greissy-vecchionacce-movement-in-live\\\/#primaryimage\"},\"image\":{\"@id\":\"https:\\\/\\\/www.studio303.ca\\\/en\\\/greissy-vecchionacce-movement-in-live\\\/#primaryimage\"},\"thumbnailUrl\":\"https:\\\/\\\/www.studio303.ca\\\/wp-content\\\/uploads\\\/2022\\\/07\\\/WS-Embodied-Meditation-Potsdamer-Tanztage-2022-c-Dajana-Lothert-13.05.2022-20x30-32-scaled.jpg\",\"datePublished\":\"2022-07-22T14:12:23+00:00\",\"dateModified\":\"2023-06-22T16:38:39+00:00\",\"breadcrumb\":{\"@id\":\"https:\\\/\\\/www.studio303.ca\\\/en\\\/greissy-vecchionacce-movement-in-live\\\/#breadcrumb\"},\"inLanguage\":\"en-US\",\"potentialAction\":[{\"@type\":\"ReadAction\",\"target\":[\"https:\\\/\\\/www.studio303.ca\\\/en\\\/greissy-vecchionacce-movement-in-live\\\/\"]}]},{\"@type\":\"ImageObject\",\"inLanguage\":\"en-US\",\"@id\":\"https:\\\/\\\/www.studio303.ca\\\/en\\\/greissy-vecchionacce-movement-in-live\\\/#primaryimage\",\"url\":\"https:\\\/\\\/www.studio303.ca\\\/wp-content\\\/uploads\\\/2022\\\/07\\\/WS-Embodied-Meditation-Potsdamer-Tanztage-2022-c-Dajana-Lothert-13.05.2022-20x30-32-scaled.jpg\",\"contentUrl\":\"https:\\\/\\\/www.studio303.ca\\\/wp-content\\\/uploads\\\/2022\\\/07\\\/WS-Embodied-Meditation-Potsdamer-Tanztage-2022-c-Dajana-Lothert-13.05.2022-20x30-32-scaled.jpg\",\"width\":2560,\"height\":1707,\"caption\":\"Photo credit : Dajana Lothert\"},{\"@type\":\"BreadcrumbList\",\"@id\":\"https:\\\/\\\/www.studio303.ca\\\/en\\\/greissy-vecchionacce-movement-in-live\\\/#breadcrumb\",\"itemListElement\":[{\"@type\":\"ListItem\",\"position\":1,\"name\":\"Home\",\"item\":\"https:\\\/\\\/www.studio303.ca\\\/en\\\/home\\\/\"},{\"@type\":\"ListItem\",\"position\":2,\"name\":\"CANCELLED &#8211; GREISSY VECCHIONACCE (VE) \u00a0\u2013\u00a0Movement in live\"}]},{\"@type\":\"WebSite\",\"@id\":\"https:\\\/\\\/www.studio303.ca\\\/#website\",\"url\":\"https:\\\/\\\/www.studio303.ca\\\/\",\"name\":\"Studio 303\",\"description\":\"Lieu de diffusion et de soutien pour la danse et l&#039;art indisciplin\u00e9 \u00e0 Montr\u00e9al.\",\"publisher\":{\"@id\":\"https:\\\/\\\/www.studio303.ca\\\/#organization\"},\"potentialAction\":[{\"@type\":\"SearchAction\",\"target\":{\"@type\":\"EntryPoint\",\"urlTemplate\":\"https:\\\/\\\/www.studio303.ca\\\/?s={search_term_string}\"},\"query-input\":{\"@type\":\"PropertyValueSpecification\",\"valueRequired\":true,\"valueName\":\"search_term_string\"}}],\"inLanguage\":\"en-US\"},{\"@type\":\"Organization\",\"@id\":\"https:\\\/\\\/www.studio303.ca\\\/#organization\",\"name\":\"Studio 303\",\"url\":\"https:\\\/\\\/www.studio303.ca\\\/\",\"logo\":{\"@type\":\"ImageObject\",\"inLanguage\":\"en-US\",\"@id\":\"https:\\\/\\\/www.studio303.ca\\\/#\\\/schema\\\/logo\\\/image\\\/\",\"url\":\"https:\\\/\\\/www.studio303.ca\\\/wp-content\\\/uploads\\\/2025\\\/08\\\/studio303-logo_black-c2586d.svg\",\"contentUrl\":\"https:\\\/\\\/www.studio303.ca\\\/wp-content\\\/uploads\\\/2025\\\/08\\\/studio303-logo_black-c2586d.svg\",\"caption\":\"Studio 303\"},\"image\":{\"@id\":\"https:\\\/\\\/www.studio303.ca\\\/#\\\/schema\\\/logo\\\/image\\\/\"},\"sameAs\":[\"https:\\\/\\\/www.facebook.com\\\/studio303.montreal\",\"http:\\\/\\\/instagram.com\\\/studio303\"]},{\"@type\":\"Person\",\"@id\":\"https:\\\/\\\/www.studio303.ca\\\/#\\\/schema\\\/person\\\/40ae52c09f157a123cfb5715ae871308\",\"name\":\"Studio 303\",\"image\":{\"@type\":\"ImageObject\",\"inLanguage\":\"en-US\",\"@id\":\"https:\\\/\\\/secure.gravatar.com\\\/avatar\\\/ed48799669d7f111eba71a9f3c7cfd7440352e887511c1ca683b06690450f02b?s=96&d=mm&r=g\",\"url\":\"https:\\\/\\\/secure.gravatar.com\\\/avatar\\\/ed48799669d7f111eba71a9f3c7cfd7440352e887511c1ca683b06690450f02b?s=96&d=mm&r=g\",\"contentUrl\":\"https:\\\/\\\/secure.gravatar.com\\\/avatar\\\/ed48799669d7f111eba71a9f3c7cfd7440352e887511c1ca683b06690450f02b?s=96&d=mm&r=g\",\"caption\":\"Studio 303\"},\"url\":\"https:\\\/\\\/www.studio303.ca\\\/en\\\/author\\\/admin-303\\\/\"}]}<\/script>\n<!-- \/ Yoast SEO plugin. -->","yoast_head_json":{"title":"CANCELLED - GREISSY VECCHIONACCE (VE) \u00a0\u2013\u00a0Movement in live - Studio 303","robots":{"index":"index","follow":"follow","max-snippet":"max-snippet:-1","max-image-preview":"max-image-preview:large","max-video-preview":"max-video-preview:-1"},"canonical":"https:\/\/www.studio303.ca\/en\/greissy-vecchionacce-movement-in-live\/","og_locale":"en_US","og_type":"article","og_title":"CANCELLED - GREISSY VECCHIONACCE (VE) \u00a0\u2013\u00a0Movement in live - Studio 303","og_description":"Nov. 14 to 16, 2022","og_url":"https:\/\/www.studio303.ca\/en\/greissy-vecchionacce-movement-in-live\/","og_site_name":"Studio 303","article_publisher":"https:\/\/www.facebook.com\/studio303.montreal","article_published_time":"2022-07-22T14:12:23+00:00","article_modified_time":"2023-06-22T16:38:39+00:00","og_image":[{"width":2560,"height":1707,"url":"https:\/\/www.studio303.ca\/wp-content\/uploads\/2022\/07\/WS-Embodied-Meditation-Potsdamer-Tanztage-2022-c-Dajana-Lothert-13.05.2022-20x30-32-scaled.jpg","type":"image\/jpeg"}],"author":"Studio 303","twitter_card":"summary_large_image","twitter_misc":{"Written by":"Studio 303","Est. reading time":"3 minutes"},"schema":{"@context":"https:\/\/schema.org","@graph":[{"@type":"Article","@id":"https:\/\/www.studio303.ca\/en\/greissy-vecchionacce-movement-in-live\/#article","isPartOf":{"@id":"https:\/\/www.studio303.ca\/en\/greissy-vecchionacce-movement-in-live\/"},"author":{"name":"Studio 303","@id":"https:\/\/www.studio303.ca\/#\/schema\/person\/40ae52c09f157a123cfb5715ae871308"},"headline":"CANCELLED &#8211; GREISSY VECCHIONACCE (VE) \u00a0\u2013\u00a0Movement in live","datePublished":"2022-07-22T14:12:23+00:00","dateModified":"2023-06-22T16:38:39+00:00","mainEntityOfPage":{"@id":"https:\/\/www.studio303.ca\/en\/greissy-vecchionacce-movement-in-live\/"},"wordCount":593,"publisher":{"@id":"https:\/\/www.studio303.ca\/#organization"},"image":{"@id":"https:\/\/www.studio303.ca\/en\/greissy-vecchionacce-movement-in-live\/#primaryimage"},"thumbnailUrl":"https:\/\/www.studio303.ca\/wp-content\/uploads\/2022\/07\/WS-Embodied-Meditation-Potsdamer-Tanztage-2022-c-Dajana-Lothert-13.05.2022-20x30-32-scaled.jpg","articleSection":["Archive","Diffusion","Professional Workshops"],"inLanguage":"en-US"},{"@type":"WebPage","@id":"https:\/\/www.studio303.ca\/en\/greissy-vecchionacce-movement-in-live\/","url":"https:\/\/www.studio303.ca\/en\/greissy-vecchionacce-movement-in-live\/","name":"CANCELLED - GREISSY VECCHIONACCE (VE) \u00a0\u2013\u00a0Movement in live - Studio 303","isPartOf":{"@id":"https:\/\/www.studio303.ca\/#website"},"primaryImageOfPage":{"@id":"https:\/\/www.studio303.ca\/en\/greissy-vecchionacce-movement-in-live\/#primaryimage"},"image":{"@id":"https:\/\/www.studio303.ca\/en\/greissy-vecchionacce-movement-in-live\/#primaryimage"},"thumbnailUrl":"https:\/\/www.studio303.ca\/wp-content\/uploads\/2022\/07\/WS-Embodied-Meditation-Potsdamer-Tanztage-2022-c-Dajana-Lothert-13.05.2022-20x30-32-scaled.jpg","datePublished":"2022-07-22T14:12:23+00:00","dateModified":"2023-06-22T16:38:39+00:00","breadcrumb":{"@id":"https:\/\/www.studio303.ca\/en\/greissy-vecchionacce-movement-in-live\/#breadcrumb"},"inLanguage":"en-US","potentialAction":[{"@type":"ReadAction","target":["https:\/\/www.studio303.ca\/en\/greissy-vecchionacce-movement-in-live\/"]}]},{"@type":"ImageObject","inLanguage":"en-US","@id":"https:\/\/www.studio303.ca\/en\/greissy-vecchionacce-movement-in-live\/#primaryimage","url":"https:\/\/www.studio303.ca\/wp-content\/uploads\/2022\/07\/WS-Embodied-Meditation-Potsdamer-Tanztage-2022-c-Dajana-Lothert-13.05.2022-20x30-32-scaled.jpg","contentUrl":"https:\/\/www.studio303.ca\/wp-content\/uploads\/2022\/07\/WS-Embodied-Meditation-Potsdamer-Tanztage-2022-c-Dajana-Lothert-13.05.2022-20x30-32-scaled.jpg","width":2560,"height":1707,"caption":"Photo credit : Dajana Lothert"},{"@type":"BreadcrumbList","@id":"https:\/\/www.studio303.ca\/en\/greissy-vecchionacce-movement-in-live\/#breadcrumb","itemListElement":[{"@type":"ListItem","position":1,"name":"Home","item":"https:\/\/www.studio303.ca\/en\/home\/"},{"@type":"ListItem","position":2,"name":"CANCELLED &#8211; GREISSY VECCHIONACCE (VE) \u00a0\u2013\u00a0Movement in live"}]},{"@type":"WebSite","@id":"https:\/\/www.studio303.ca\/#website","url":"https:\/\/www.studio303.ca\/","name":"Studio 303","description":"Lieu de diffusion et de soutien pour la danse et l&#039;art indisciplin\u00e9 \u00e0 Montr\u00e9al.","publisher":{"@id":"https:\/\/www.studio303.ca\/#organization"},"potentialAction":[{"@type":"SearchAction","target":{"@type":"EntryPoint","urlTemplate":"https:\/\/www.studio303.ca\/?s={search_term_string}"},"query-input":{"@type":"PropertyValueSpecification","valueRequired":true,"valueName":"search_term_string"}}],"inLanguage":"en-US"},{"@type":"Organization","@id":"https:\/\/www.studio303.ca\/#organization","name":"Studio 303","url":"https:\/\/www.studio303.ca\/","logo":{"@type":"ImageObject","inLanguage":"en-US","@id":"https:\/\/www.studio303.ca\/#\/schema\/logo\/image\/","url":"https:\/\/www.studio303.ca\/wp-content\/uploads\/2025\/08\/studio303-logo_black-c2586d.svg","contentUrl":"https:\/\/www.studio303.ca\/wp-content\/uploads\/2025\/08\/studio303-logo_black-c2586d.svg","caption":"Studio 303"},"image":{"@id":"https:\/\/www.studio303.ca\/#\/schema\/logo\/image\/"},"sameAs":["https:\/\/www.facebook.com\/studio303.montreal","http:\/\/instagram.com\/studio303"]},{"@type":"Person","@id":"https:\/\/www.studio303.ca\/#\/schema\/person\/40ae52c09f157a123cfb5715ae871308","name":"Studio 303","image":{"@type":"ImageObject","inLanguage":"en-US","@id":"https:\/\/secure.gravatar.com\/avatar\/ed48799669d7f111eba71a9f3c7cfd7440352e887511c1ca683b06690450f02b?s=96&d=mm&r=g","url":"https:\/\/secure.gravatar.com\/avatar\/ed48799669d7f111eba71a9f3c7cfd7440352e887511c1ca683b06690450f02b?s=96&d=mm&r=g","contentUrl":"https:\/\/secure.gravatar.com\/avatar\/ed48799669d7f111eba71a9f3c7cfd7440352e887511c1ca683b06690450f02b?s=96&d=mm&r=g","caption":"Studio 303"},"url":"https:\/\/www.studio303.ca\/en\/author\/admin-303\/"}]}},"_links":{"self":[{"href":"https:\/\/www.studio303.ca\/en\/wp-json\/wp\/v2\/posts\/15365","targetHints":{"allow":["GET"]}}],"collection":[{"href":"https:\/\/www.studio303.ca\/en\/wp-json\/wp\/v2\/posts"}],"about":[{"href":"https:\/\/www.studio303.ca\/en\/wp-json\/wp\/v2\/types\/post"}],"author":[{"embeddable":true,"href":"https:\/\/www.studio303.ca\/en\/wp-json\/wp\/v2\/users\/2"}],"replies":[{"embeddable":true,"href":"https:\/\/www.studio303.ca\/en\/wp-json\/wp\/v2\/comments?post=15365"}],"version-history":[{"count":27,"href":"https:\/\/www.studio303.ca\/en\/wp-json\/wp\/v2\/posts\/15365\/revisions"}],"predecessor-version":[{"id":19916,"href":"https:\/\/www.studio303.ca\/en\/wp-json\/wp\/v2\/posts\/15365\/revisions\/19916"}],"wp:featuredmedia":[{"embeddable":true,"href":"https:\/\/www.studio303.ca\/en\/wp-json\/wp\/v2\/media\/15362"}],"wp:attachment":[{"href":"https:\/\/www.studio303.ca\/en\/wp-json\/wp\/v2\/media?parent=15365"}],"wp:term":[{"taxonomy":"category","embeddable":true,"href":"https:\/\/www.studio303.ca\/en\/wp-json\/wp\/v2\/categories?post=15365"},{"taxonomy":"post_tag","embeddable":true,"href":"https:\/\/www.studio303.ca\/en\/wp-json\/wp\/v2\/tags?post=15365"}],"curies":[{"name":"wp","href":"https:\/\/api.w.org\/{rel}","templated":true}]}}