{"id":25045,"date":"2024-07-11T10:04:27","date_gmt":"2024-07-11T15:04:27","guid":{"rendered":"https:\/\/www.studio303.ca\/?p=25045"},"modified":"2025-03-27T10:05:48","modified_gmt":"2025-03-27T14:05:48","slug":"corpuscule-danse-dance-and-functional-diversity-24-25","status":"publish","type":"post","link":"https:\/\/www.studio303.ca\/en\/corpuscule-danse-dance-and-functional-diversity-24-25\/","title":{"rendered":"Accessible (+)  | Corpuscule Danse \u2014 Dance and Functional Diversity"},"content":{"rendered":"\n<p><\/p>\n\n\n\n<p style=\"font-size:clamp(14px, 0.875rem + ((1vw - 3.2px) * 0.122), 15px);\"><strong>April 21 to 25, 2025<\/strong><\/p>\n\n\n\n<!--more-->\n\n\n\n<p style=\"font-size:clamp(14px, 0.875rem + ((1vw - 3.2px) * 0.122), 15px);\"><b>12:00 pm to 3:00 pm <\/b><span style=\"font-weight: 400;\">(Mon-Fri) <\/span><br><b>Full week: <\/b><span style=\"font-weight: 400;\">$110 <\/span>(taxes included)<br><b>Drop-in: <\/b><span style=\"font-weight: 400;\">$28 (available one month prior) <\/span><br><b>Language of instruction: <\/b>French<span style=\"font-weight: 400;\"> <\/span>and LSQ <br><b>Questions can be asked in <\/b>French and English<\/p>\n\n\n\n<p class=\"has-vivid-cyan-blue-color has-text-color has-link-color wp-elements-f59a374c37b668e62b45bcd4e63dd04d\" style=\"font-size:clamp(14px, 0.875rem + ((1vw - 3.2px) * 0.122), 15px);\"><b><a href=\"https:\/\/www.zeffy.com\/ticketing\/da98b8a6-caaa-435f-8bb3-89b9197901f7\" target=\"_blank\" rel=\"noreferrer noopener\">REGISTER<\/a><\/b> \u2014 <strong>priority to artists with disabilities and Deaf artists*<\/strong><\/p>\n\n\n\n<p style=\"font-size:clamp(14px, 0.875rem + ((1vw - 3.2px) * 0.122), 15px);\"><strong><a href=\"https:\/\/www.zeffy.com\/en-CA\/ticketing\/56cc0f64-825c-4a8d-8c39-78259b17c3c9\" target=\"_blank\" rel=\"noreferrer noopener\">WAITLIST<\/a><\/strong><\/p>\n\n\n\n<p style=\"font-size:clamp(14px, 0.875rem + ((1vw - 3.2px) * 0.122), 15px);\">As part of its professional workshop programming, Studio 303 offers <strong>accessible (+) workshops<\/strong>, creating professional development opportunities for Deaf and disabled artists that address broader accessibility needs. <strong><a href=\"https:\/\/www.studio303.ca\/en\/accessible-workshops\/\">Learn more about accessible workshops<\/a>.<\/strong><\/p>\n\n\n\n<p style=\"font-size:14px\"><em>This professional workshop is supported by the&nbsp;Conseil de la formation continue Arts et Culture de Montr\u00e9al&nbsp;(CFC), with the financial participation of the Government of Quebec through the Intervention-Comp\u00e9tences program.<\/em><\/p>\n\n\n\n<p style=\"font-size:13px\"><em>*The notion of disability is understood here in a broad sense to include a nuanced and open range of personal conditions and realities.&nbsp;<\/em><\/p>\n\n\n\n<hr class=\"wp-block-separator has-css-opacity is-style-wide\"\/>\n\n\n\n<figure class=\"wp-block-embed is-type-video is-provider-vimeo wp-block-embed-vimeo wp-embed-aspect-16-9 wp-has-aspect-ratio\"><div class=\"wp-block-embed__wrapper\">\n<iframe loading=\"lazy\" title=\"LSQ - Corpuscule Danse \u2014 Dance and Functional Diversity\" src=\"https:\/\/player.vimeo.com\/video\/1069956144?dnt=1&amp;app_id=122963\" width=\"500\" height=\"281\" frameborder=\"0\" allow=\"autoplay; fullscreen; picture-in-picture; clipboard-write; encrypted-media; web-share\"><\/iframe>\n<\/div><\/figure>\n\n\n\n<p class=\"has-text-color\" style=\"color:#0a8316;font-size:clamp(14px, 0.875rem + ((1vw - 3.2px) * 0.244), 16px);\"><strong>CATEGORY<\/strong><\/p>\n\n\n\n<div class=\"wp-block-buttons is-content-justification-left is-layout-flex wp-container-core-buttons-is-layout-bc8e6f51 wp-block-buttons-is-layout-flex\">\n<div class=\"wp-block-button has-custom-font-size is-style-outline \/* Button hover *\/ .wp-block-button__link:hover { background-color: #4ccee6; color: #bb00bb; } has-small-font-size is-style-outline--1\"><a class=\"wp-block-button__link has-text-color wp-element-button\" href=\"\" title=\"Toolbox: Works on specific tools for building one\u2019s voice as a maker.\" style=\"border-radius:0px;color:#da6d34\">Toolbox<\/a><\/div>\n\n\n\n<div class=\"wp-block-button has-custom-font-size is-style-outline has-small-font-size is-style-outline--2\"><a class=\"wp-block-button__link has-text-color wp-element-button\" href=\"\" title=\"Technique: Deals with a specific form of dance or performance technique. These classes tend to be quite physically intense.\" style=\"border-radius:0px;color:#361566\">Technique<\/a><\/div>\n\n\n\n<div class=\"wp-block-button has-custom-font-size is-style-outline has-small-font-size is-style-outline--3\"><a class=\"wp-block-button__link has-text-color wp-element-button\" href=\"\" title=\"Somatic: Emphasizes listening to your body, internal physical perception and felt experience though the body.\" style=\"border-radius:0px;color:#70b8db\">Somatic<\/a><\/div>\n<\/div>\n\n\n\n<p><\/p>\n\n\n\n<p class=\"has-text-color\" style=\"color:#0a8316;font-size:clamp(14px, 0.875rem + ((1vw - 3.2px) * 0.244), 16px);\"><strong>OBJECTIVE<\/strong><\/p>\n\n\n\n<p style=\"font-size:clamp(14px, 0.875rem + ((1vw - 3.2px) * 0.122), 15px);\"><em>Dance and Functional Diversity<\/em> is a workshop aimed at demystifying and experiencing dance through an inclusive approach. Following the mission of <strong>Corpuscule Danse<\/strong>, the workshop focuses on bringing together dancers with and without disabilities, visible or invisible, to reflect on and explore the practice of inclusive dance.<\/p>\n\n\n\n<p style=\"font-size:clamp(14px, 0.875rem + ((1vw - 3.2px) * 0.122), 15px);\">In a horizontal approach of sharing different perspectives, the workshop will be facilitated by four (4) individuals: <strong>Joannie Douville, \u00c9lise Hardy, Georges-Nicolas Tremblay, and Jessica Cacciatore<\/strong>, who will strive to demonstrate how they adapt their respective knowledge and skills to foster inclusion.<\/p>\n\n\n\n<p class=\"has-text-color\" style=\"color:#0a8316;font-size:clamp(14px, 0.875rem + ((1vw - 3.2px) * 0.244), 16px);\"><strong>CONTENT<\/strong><\/p>\n\n\n\n<p style=\"font-size:clamp(14px, 0.875rem + ((1vw - 3.2px) * 0.122), 15px);\">Concretely, the workshop begins with one (1) hour of theory-guided by various questions posed by facilitators and participants. What are my representations of disability? Which terms should be used to address a group with different modes of functioning? How can dance proposals be translated without compromising quality? How do we plan inclusive and fruitful dance situations for everyone, and how do we adjust in real-time? How to articulate constructive feedback and a critical look at inclusive initiatives? Memory aids from the book \u201cAn Inclusive Approach to Teaching Dance\u201d will be presented to participants.<\/p>\n\n\n\n<p style=\"font-size:clamp(14px, 0.875rem + ((1vw - 3.2px) * 0.122), 15px);\">This will be followed by two (2) hours of inclusive dance artistic practice where the questions raised will be grounded in each person&#8217;s experience. This accessible and supportive practice space will invite us to broaden our perceptions and sensations in movement through improvisation and exploration of the art of being in contact with others and with mobility aids. At the end of this training, participants will be better equipped to reflect on their practice from the perspective of inclusion and accessibility.<\/p>\n\n\n\n<figure class=\"wp-block-table is-style-stripes\" style=\"font-size:clamp(14px, 0.875rem + ((1vw - 3.2px) * 0.122), 15px);\"><table class=\"has-fixed-layout\"><tbody><tr><td class=\"has-text-align-left\" data-align=\"left\"><strong>Workshop Pace<\/strong><\/td><td><strong>Workshop Features<\/strong><\/td><\/tr><tr><td class=\"has-text-align-left\" data-align=\"left\">Adaptable to the group&#8217;s needs<\/td><td><span style=\"font-weight: 400;\">Visual support (i.e., documentation, texts\u2026) <\/span><br><span style=\"font-weight: 400;\">Short verbal applications <\/span><br><span style=\"font-weight: 400;\">Exercises are adaptable <\/span><br><span style=\"font-weight: 400;\">Subgroups exercises <\/span><br><span style=\"font-weight: 400;\">Physical contact between participants <\/span><br><span style=\"font-weight: 400;\">Cardio exercises<\/span><\/td><\/tr><\/tbody><\/table><\/figure>\n\n\n\n<p class=\"has-text-color\" style=\"color:#0a8316;font-size:clamp(14px, 0.875rem + ((1vw - 3.2px) * 0.244), 16px);\"><strong>BIOGRAPHY<\/strong><\/p>\n\n\n\n<p style=\"font-size:clamp(14px, 0.875rem + ((1vw - 3.2px) * 0.122), 15px);\"><strong>Joannie Douville<\/strong> is a trained dancer and educator with a degree in dance and psychology based in Les Laurentides. For over ten years, she has graced local and international stages and participated in numerous creative processes spanning dance, theater, multimedia arts, and performance. Throughout her career, she has cherished the processes that have led her to eclectic encounters through movement. Whether it&#8217;s children, elders, individuals with functional or cultural diversity, Joannie is convinced that dance is for everyone and is a powerful catalyst for creating connections\u2014with oneself and with others. This conviction led her to pursue a master&#8217;s degree in dance education. In the same quest, she also co-authored a book to support inclusive dance initiatives in collaboration with <strong>Corpuscule Danse<\/strong> titled \u201cAn Inclusive Approach to Teaching Dance\u201d. Currently, she cherishes her new role as a mother to her two daughters and directs the teaching and cultural mediation component of Corpuscule Danse: a company for which she has danced, taught, and created since 2012.<\/p>\n\n\n\n<p style=\"font-size:clamp(14px, 0.875rem + ((1vw - 3.2px) * 0.122), 15px);\"><strong>Georges-Nicolas Tremblay<\/strong>, a self-taught dancer with a background in visual arts and theater, and a brief foray into cinema, initially established himself as a creator before transitioning into roles as a dancer and, more recently, as a dramaturge. In addition to his personal creations, he has choreographed for theater, operettas, musical comedies, and music videos. During his master&#8217;s degree in dance, he became interested in collaboration to renew the artistic process with a desire for de-hierarchicalizing and queering of art, leading him to create &#8220;F\u00e9\u00b7e\u00b7s sans foi&#8221; (2024), a hybrid form blending dance and song.\n\nWith over 25 years of experience as an educator, he shares his visions of dance through classes, workshops, and cultural mediation, both recreationally and professionally. He also provides audio description for dance (Danse Cit\u00e9) and co-directs Corpuscule Danse, an inclusive dance company, since 2021.<\/p>\n\n\n\n<p style=\"font-size:clamp(14px, 0.875rem + ((1vw - 3.2px) * 0.122), 15px);\">As a dancer and educator, <strong>\u00c9lise Hardy<\/strong> is deeply interested in the self, the other, and the differences, embracing their fragile yet artistically powerful aspects. Holding a Graduate Diploma in Somatic Education and a Master&#8217;s degree in Dance from UQAM, \u00c9lise utilizes the benefits of somatics to facilitate dance encounters with marginalized audiences. In teaching and mediation contexts, she initiates projects with inclusive approaches, providing everyone with a creative and expressive space tailored to their needs. Since 2015, \u00c9lise has been involved with Corpuscule Danse, serving as a teacher and mediator, and more recently contributing to the writing of the book &#8220;An Inclusive Approach to Teaching Dance&#8221;. Currently based in Sherbrooke, \u00c9lise has co-created projects with the dance company Axile, including &#8220;Chemins de traverse&#8221; with immigrant individuals and &#8220;Sous nos chapeaux&#8221; with individuals with reduced mobility.<\/p>\n\n\n\n<p style=\"font-size:clamp(14px, 0.875rem + ((1vw - 3.2px) * 0.122), 15px);\"><strong>Jessica Cacciatore<\/strong> has over 15 years of experience in equity, diversity, and inclusion in the corporate sector as an external consultant. She has worked in employability, human resources management, and administration. Over the years, she has specialized in intersectionality with a clientele of immigrants with disabilities. Engaged in the world of contemporary dance since 2004, initially with Corpuscule Danse, she later became a performer in the show &#8220;Duels&#8221; at Montr\u00e9al Compl\u00e8tement Cirque in 2016. Today, she continues to dance Afrobeat with her Djamboola classes and has taught creative dance classes at the organization CIVA. She joined the Corpuscule Danse team in 2023 as Development Manager and Assistant Teacher in dance workshops.<\/p>\n\n\n\n<figure class=\"wp-block-image size-large is-resized\"><img loading=\"lazy\" decoding=\"async\" width=\"1024\" height=\"255\" src=\"https:\/\/www.studio303.ca\/wp-content\/uploads\/2024\/07\/horizontal-hi-1-1024x255.png\" alt=\"\" class=\"wp-image-27428\" style=\"width:200px\" srcset=\"https:\/\/www.studio303.ca\/wp-content\/uploads\/2024\/07\/horizontal-hi-1-1024x255.png 1024w, https:\/\/www.studio303.ca\/wp-content\/uploads\/2024\/07\/horizontal-hi-1-300x75.png 300w, https:\/\/www.studio303.ca\/wp-content\/uploads\/2024\/07\/horizontal-hi-1-768x192.png 768w, https:\/\/www.studio303.ca\/wp-content\/uploads\/2024\/07\/horizontal-hi-1-1536x383.png 1536w, https:\/\/www.studio303.ca\/wp-content\/uploads\/2024\/07\/horizontal-hi-1-2048x511.png 2048w, https:\/\/www.studio303.ca\/wp-content\/uploads\/2024\/07\/horizontal-hi-1-100x25.png 100w, https:\/\/www.studio303.ca\/wp-content\/uploads\/2024\/07\/horizontal-hi-1-1056x263.png 1056w\" sizes=\"auto, (max-width: 1024px) 100vw, 1024px\" \/><\/figure>\n\n\n\n<figure class=\"wp-block-image size-thumbnail\"><img loading=\"lazy\" decoding=\"async\" width=\"150\" height=\"150\" src=\"https:\/\/www.studio303.ca\/wp-content\/uploads\/2024\/07\/visuels_intervention-competences_nouveau_descripteur-1-150x150.jpeg\" alt=\"\" class=\"wp-image-27277\" srcset=\"https:\/\/www.studio303.ca\/wp-content\/uploads\/2024\/07\/visuels_intervention-competences_nouveau_descripteur-1-150x150.jpeg 150w, https:\/\/www.studio303.ca\/wp-content\/uploads\/2024\/07\/visuels_intervention-competences_nouveau_descripteur-1-300x300.jpeg 300w, https:\/\/www.studio303.ca\/wp-content\/uploads\/2024\/07\/visuels_intervention-competences_nouveau_descripteur-1-768x768.jpeg 768w, https:\/\/www.studio303.ca\/wp-content\/uploads\/2024\/07\/visuels_intervention-competences_nouveau_descripteur-1-100x100.jpeg 100w, https:\/\/www.studio303.ca\/wp-content\/uploads\/2024\/07\/visuels_intervention-competences_nouveau_descripteur-1.jpeg 800w\" sizes=\"auto, (max-width: 150px) 100vw, 150px\" \/><\/figure>\n\n\n\n<hr class=\"wp-block-separator has-css-opacity is-style-wide\"\/>\n\n\n\n<div class=\"wp-block-columns is-layout-flex wp-container-core-columns-is-layout-28f84493 wp-block-columns-is-layout-flex\" id=\"zeffyFTA\">\n<div class=\"wp-block-column is-layout-flow wp-block-column-is-layout-flow\" id=\"lauratomafr\">\n<h5 class=\"wp-block-heading\" id=\"zeffy\">REGISTRATION FORM: Corpuscule Danse \u2014 Danse et diversit\u00e9 fonctionnelle<\/h5>\n\n\n\n<div style=\"position:relative;overflow:hidden;height:500px;width:100%;padding-top:500px;\"><iframe title=\"Donation form powered by Zeffy\" style=\"position: absolute; border: 0; top:0;left:0;bottom:0;right:0;width:100%;height:100%\" src=\"https:\/\/www.zeffy.com\/embed\/ticketing\/da98b8a6-caaa-435f-8bb3-89b9197901f7\" allowpaymentrequest=\"\" allowtransparency=\"true\"><\/iframe><\/div>\n<\/div>\n\n\n\n<div class=\"wp-block-column is-layout-flow wp-block-column-is-layout-flow\">\n<h3><a href=\"https:\/\/www.zeffy.com\/ticketing\/56cc0f64-825c-4a8d-8c39-78259b17c3c9\" target=\"_blank\" rel=\"noopener\"><b>WAITLIST<\/b><\/a><\/h3>\n<h3><a href=\"https:\/\/www.studio303.ca\/en\/which-rate-to-pay-emploi-quebec-criteria\/\" target=\"_blank\" rel=\"noopener\"><b>RATES 24-25<\/b><\/a><\/h3>\n<h3><a href=\"https:\/\/www.studio303.ca\/en\/financial-accessibility\/\" target=\"_blank\" rel=\"noopener\"><b>WORKSHOP BURSARY<\/b><\/a><\/h3>\n<h3><a href=\"https:\/\/www.studio303.ca\/en\/accessibility-2\/\" target=\"_blank\" rel=\"noopener\"><b>STUDIO 303\u2019S ACCESSIBILITY<\/b><\/a><\/h3>\n<h3><a href=\"https:\/\/www.studio303.ca\/en\/getting-here\/\"><strong>GETTING TO STUDIO 303<\/strong><\/a><\/h3>\n<h3><a href=\"https:\/\/www.studio303.ca\/en\/cancellation-and-refund-policy\/\" target=\"_blank\" rel=\"noopener\"><b>CANCELLATION AND REFUND POLICY<\/b><\/a><\/h3>\n<h3><a href=\"https:\/\/www.zeffy.com\/ticketing\/da98b8a6-caaa-435f-8bb3-89b9197901f7\" target=\"_blank\" rel=\"noopener\"><b>OPEN THE REGISTRATION FORM IN A NEW TAB<\/b><\/a><\/h3>\n<\/div>\n<\/div>\n","protected":false},"excerpt":{"rendered":"<p>April 21 to 25, 2025<\/p>\n","protected":false},"author":2,"featured_media":27403,"comment_status":"closed","ping_status":"closed","sticky":false,"template":"","format":"standard","meta":{"_acf_changed":false,"inline_featured_image":false,"_exactmetrics_skip_tracking":false,"_exactmetrics_sitenote_active":false,"_exactmetrics_sitenote_note":"","_exactmetrics_sitenote_category":0,"_themeisle_gutenberg_block_has_review":false,"footnotes":""},"categories":[18,29,17],"tags":[],"class_list":["post-25045","post","type-post","status-publish","format-standard","has-post-thumbnail","hentry","category-classes","category-passe","category-professionnal-level"],"acf":[],"yoast_head":"<!-- This site is optimized with the Yoast SEO plugin v27.5 - https:\/\/yoast.com\/product\/yoast-seo-wordpress\/ -->\n<title>Accessible (+) | Corpuscule Danse \u2014 Dance and Functional Diversity - Studio 303<\/title>\n<meta name=\"robots\" content=\"index, follow, max-snippet:-1, max-image-preview:large, max-video-preview:-1\" \/>\n<link rel=\"canonical\" href=\"https:\/\/www.studio303.ca\/en\/corpuscule-danse-dance-and-functional-diversity-24-25\/\" \/>\n<meta property=\"og:locale\" content=\"en_US\" \/>\n<meta property=\"og:type\" content=\"article\" \/>\n<meta property=\"og:title\" content=\"Accessible (+) | Corpuscule Danse \u2014 Dance and Functional Diversity - Studio 303\" \/>\n<meta property=\"og:description\" content=\"April 21 to 25, 2025\" \/>\n<meta property=\"og:url\" content=\"https:\/\/www.studio303.ca\/en\/corpuscule-danse-dance-and-functional-diversity-24-25\/\" \/>\n<meta property=\"og:site_name\" content=\"Studio 303\" \/>\n<meta property=\"article:publisher\" content=\"https:\/\/www.facebook.com\/studio303.montreal\" \/>\n<meta property=\"article:published_time\" content=\"2024-07-11T15:04:27+00:00\" \/>\n<meta property=\"article:modified_time\" content=\"2025-03-27T14:05:48+00:00\" \/>\n<meta property=\"og:image\" content=\"https:\/\/www.studio303.ca\/wp-content\/uploads\/2024\/07\/Corpuscule-Dance-\u00a9-Mikael-Theimer-2.png\" \/>\n\t<meta property=\"og:image:width\" content=\"640\" \/>\n\t<meta property=\"og:image:height\" content=\"480\" \/>\n\t<meta property=\"og:image:type\" content=\"image\/png\" \/>\n<meta name=\"author\" content=\"Studio 303\" \/>\n<meta name=\"twitter:card\" content=\"summary_large_image\" \/>\n<meta name=\"twitter:label1\" content=\"Written by\" \/>\n\t<meta name=\"twitter:data1\" content=\"Studio 303\" \/>\n\t<meta name=\"twitter:label2\" content=\"Est. reading time\" \/>\n\t<meta name=\"twitter:data2\" content=\"6 minutes\" \/>\n<script type=\"application\/ld+json\" class=\"yoast-schema-graph\">{\"@context\":\"https:\\\/\\\/schema.org\",\"@graph\":[{\"@type\":\"Article\",\"@id\":\"https:\\\/\\\/www.studio303.ca\\\/en\\\/corpuscule-danse-dance-and-functional-diversity-24-25\\\/#article\",\"isPartOf\":{\"@id\":\"https:\\\/\\\/www.studio303.ca\\\/en\\\/corpuscule-danse-dance-and-functional-diversity-24-25\\\/\"},\"author\":{\"name\":\"Studio 303\",\"@id\":\"https:\\\/\\\/www.studio303.ca\\\/#\\\/schema\\\/person\\\/40ae52c09f157a123cfb5715ae871308\"},\"headline\":\"Accessible (+) | Corpuscule Danse \u2014 Dance and Functional Diversity\",\"datePublished\":\"2024-07-11T15:04:27+00:00\",\"dateModified\":\"2025-03-27T14:05:48+00:00\",\"mainEntityOfPage\":{\"@id\":\"https:\\\/\\\/www.studio303.ca\\\/en\\\/corpuscule-danse-dance-and-functional-diversity-24-25\\\/\"},\"wordCount\":1017,\"publisher\":{\"@id\":\"https:\\\/\\\/www.studio303.ca\\\/#organization\"},\"image\":{\"@id\":\"https:\\\/\\\/www.studio303.ca\\\/en\\\/corpuscule-danse-dance-and-functional-diversity-24-25\\\/#primaryimage\"},\"thumbnailUrl\":\"https:\\\/\\\/www.studio303.ca\\\/wp-content\\\/uploads\\\/2024\\\/07\\\/Corpuscule-Dance-\u00a9-Mikael-Theimer-2.png\",\"articleSection\":[\"Classes\",\"passe\",\"Professionnal Level\"],\"inLanguage\":\"en-US\"},{\"@type\":\"WebPage\",\"@id\":\"https:\\\/\\\/www.studio303.ca\\\/en\\\/corpuscule-danse-dance-and-functional-diversity-24-25\\\/\",\"url\":\"https:\\\/\\\/www.studio303.ca\\\/en\\\/corpuscule-danse-dance-and-functional-diversity-24-25\\\/\",\"name\":\"Accessible (+) | Corpuscule Danse \u2014 Dance and Functional Diversity - Studio 303\",\"isPartOf\":{\"@id\":\"https:\\\/\\\/www.studio303.ca\\\/#website\"},\"primaryImageOfPage\":{\"@id\":\"https:\\\/\\\/www.studio303.ca\\\/en\\\/corpuscule-danse-dance-and-functional-diversity-24-25\\\/#primaryimage\"},\"image\":{\"@id\":\"https:\\\/\\\/www.studio303.ca\\\/en\\\/corpuscule-danse-dance-and-functional-diversity-24-25\\\/#primaryimage\"},\"thumbnailUrl\":\"https:\\\/\\\/www.studio303.ca\\\/wp-content\\\/uploads\\\/2024\\\/07\\\/Corpuscule-Dance-\u00a9-Mikael-Theimer-2.png\",\"datePublished\":\"2024-07-11T15:04:27+00:00\",\"dateModified\":\"2025-03-27T14:05:48+00:00\",\"breadcrumb\":{\"@id\":\"https:\\\/\\\/www.studio303.ca\\\/en\\\/corpuscule-danse-dance-and-functional-diversity-24-25\\\/#breadcrumb\"},\"inLanguage\":\"en-US\",\"potentialAction\":[{\"@type\":\"ReadAction\",\"target\":[\"https:\\\/\\\/www.studio303.ca\\\/en\\\/corpuscule-danse-dance-and-functional-diversity-24-25\\\/\"]}]},{\"@type\":\"ImageObject\",\"inLanguage\":\"en-US\",\"@id\":\"https:\\\/\\\/www.studio303.ca\\\/en\\\/corpuscule-danse-dance-and-functional-diversity-24-25\\\/#primaryimage\",\"url\":\"https:\\\/\\\/www.studio303.ca\\\/wp-content\\\/uploads\\\/2024\\\/07\\\/Corpuscule-Dance-\u00a9-Mikael-Theimer-2.png\",\"contentUrl\":\"https:\\\/\\\/www.studio303.ca\\\/wp-content\\\/uploads\\\/2024\\\/07\\\/Corpuscule-Dance-\u00a9-Mikael-Theimer-2.png\",\"width\":640,\"height\":480},{\"@type\":\"BreadcrumbList\",\"@id\":\"https:\\\/\\\/www.studio303.ca\\\/en\\\/corpuscule-danse-dance-and-functional-diversity-24-25\\\/#breadcrumb\",\"itemListElement\":[{\"@type\":\"ListItem\",\"position\":1,\"name\":\"Home\",\"item\":\"https:\\\/\\\/www.studio303.ca\\\/en\\\/home\\\/\"},{\"@type\":\"ListItem\",\"position\":2,\"name\":\"Accessible (+) | Corpuscule Danse \u2014 Dance and Functional Diversity\"}]},{\"@type\":\"WebSite\",\"@id\":\"https:\\\/\\\/www.studio303.ca\\\/#website\",\"url\":\"https:\\\/\\\/www.studio303.ca\\\/\",\"name\":\"Studio 303\",\"description\":\"Lieu de diffusion et de soutien pour la danse et l&#039;art indisciplin\u00e9 \u00e0 Montr\u00e9al.\",\"publisher\":{\"@id\":\"https:\\\/\\\/www.studio303.ca\\\/#organization\"},\"potentialAction\":[{\"@type\":\"SearchAction\",\"target\":{\"@type\":\"EntryPoint\",\"urlTemplate\":\"https:\\\/\\\/www.studio303.ca\\\/?s={search_term_string}\"},\"query-input\":{\"@type\":\"PropertyValueSpecification\",\"valueRequired\":true,\"valueName\":\"search_term_string\"}}],\"inLanguage\":\"en-US\"},{\"@type\":\"Organization\",\"@id\":\"https:\\\/\\\/www.studio303.ca\\\/#organization\",\"name\":\"Studio 303\",\"url\":\"https:\\\/\\\/www.studio303.ca\\\/\",\"logo\":{\"@type\":\"ImageObject\",\"inLanguage\":\"en-US\",\"@id\":\"https:\\\/\\\/www.studio303.ca\\\/#\\\/schema\\\/logo\\\/image\\\/\",\"url\":\"https:\\\/\\\/www.studio303.ca\\\/wp-content\\\/uploads\\\/2025\\\/08\\\/studio303-logo_black-c2586d.svg\",\"contentUrl\":\"https:\\\/\\\/www.studio303.ca\\\/wp-content\\\/uploads\\\/2025\\\/08\\\/studio303-logo_black-c2586d.svg\",\"caption\":\"Studio 303\"},\"image\":{\"@id\":\"https:\\\/\\\/www.studio303.ca\\\/#\\\/schema\\\/logo\\\/image\\\/\"},\"sameAs\":[\"https:\\\/\\\/www.facebook.com\\\/studio303.montreal\",\"http:\\\/\\\/instagram.com\\\/studio303\"]},{\"@type\":\"Person\",\"@id\":\"https:\\\/\\\/www.studio303.ca\\\/#\\\/schema\\\/person\\\/40ae52c09f157a123cfb5715ae871308\",\"name\":\"Studio 303\",\"image\":{\"@type\":\"ImageObject\",\"inLanguage\":\"en-US\",\"@id\":\"https:\\\/\\\/secure.gravatar.com\\\/avatar\\\/ed48799669d7f111eba71a9f3c7cfd7440352e887511c1ca683b06690450f02b?s=96&d=mm&r=g\",\"url\":\"https:\\\/\\\/secure.gravatar.com\\\/avatar\\\/ed48799669d7f111eba71a9f3c7cfd7440352e887511c1ca683b06690450f02b?s=96&d=mm&r=g\",\"contentUrl\":\"https:\\\/\\\/secure.gravatar.com\\\/avatar\\\/ed48799669d7f111eba71a9f3c7cfd7440352e887511c1ca683b06690450f02b?s=96&d=mm&r=g\",\"caption\":\"Studio 303\"},\"url\":\"https:\\\/\\\/www.studio303.ca\\\/en\\\/author\\\/admin-303\\\/\"}]}<\/script>\n<!-- \/ Yoast SEO plugin. -->","yoast_head_json":{"title":"Accessible (+) | Corpuscule Danse \u2014 Dance and Functional Diversity - Studio 303","robots":{"index":"index","follow":"follow","max-snippet":"max-snippet:-1","max-image-preview":"max-image-preview:large","max-video-preview":"max-video-preview:-1"},"canonical":"https:\/\/www.studio303.ca\/en\/corpuscule-danse-dance-and-functional-diversity-24-25\/","og_locale":"en_US","og_type":"article","og_title":"Accessible (+) | Corpuscule Danse \u2014 Dance and Functional Diversity - Studio 303","og_description":"April 21 to 25, 2025","og_url":"https:\/\/www.studio303.ca\/en\/corpuscule-danse-dance-and-functional-diversity-24-25\/","og_site_name":"Studio 303","article_publisher":"https:\/\/www.facebook.com\/studio303.montreal","article_published_time":"2024-07-11T15:04:27+00:00","article_modified_time":"2025-03-27T14:05:48+00:00","og_image":[{"width":640,"height":480,"url":"https:\/\/www.studio303.ca\/wp-content\/uploads\/2024\/07\/Corpuscule-Dance-\u00a9-Mikael-Theimer-2.png","type":"image\/png"}],"author":"Studio 303","twitter_card":"summary_large_image","twitter_misc":{"Written by":"Studio 303","Est. reading time":"6 minutes"},"schema":{"@context":"https:\/\/schema.org","@graph":[{"@type":"Article","@id":"https:\/\/www.studio303.ca\/en\/corpuscule-danse-dance-and-functional-diversity-24-25\/#article","isPartOf":{"@id":"https:\/\/www.studio303.ca\/en\/corpuscule-danse-dance-and-functional-diversity-24-25\/"},"author":{"name":"Studio 303","@id":"https:\/\/www.studio303.ca\/#\/schema\/person\/40ae52c09f157a123cfb5715ae871308"},"headline":"Accessible (+) | Corpuscule Danse \u2014 Dance and Functional Diversity","datePublished":"2024-07-11T15:04:27+00:00","dateModified":"2025-03-27T14:05:48+00:00","mainEntityOfPage":{"@id":"https:\/\/www.studio303.ca\/en\/corpuscule-danse-dance-and-functional-diversity-24-25\/"},"wordCount":1017,"publisher":{"@id":"https:\/\/www.studio303.ca\/#organization"},"image":{"@id":"https:\/\/www.studio303.ca\/en\/corpuscule-danse-dance-and-functional-diversity-24-25\/#primaryimage"},"thumbnailUrl":"https:\/\/www.studio303.ca\/wp-content\/uploads\/2024\/07\/Corpuscule-Dance-\u00a9-Mikael-Theimer-2.png","articleSection":["Classes","passe","Professionnal Level"],"inLanguage":"en-US"},{"@type":"WebPage","@id":"https:\/\/www.studio303.ca\/en\/corpuscule-danse-dance-and-functional-diversity-24-25\/","url":"https:\/\/www.studio303.ca\/en\/corpuscule-danse-dance-and-functional-diversity-24-25\/","name":"Accessible (+) | Corpuscule Danse \u2014 Dance and Functional Diversity - Studio 303","isPartOf":{"@id":"https:\/\/www.studio303.ca\/#website"},"primaryImageOfPage":{"@id":"https:\/\/www.studio303.ca\/en\/corpuscule-danse-dance-and-functional-diversity-24-25\/#primaryimage"},"image":{"@id":"https:\/\/www.studio303.ca\/en\/corpuscule-danse-dance-and-functional-diversity-24-25\/#primaryimage"},"thumbnailUrl":"https:\/\/www.studio303.ca\/wp-content\/uploads\/2024\/07\/Corpuscule-Dance-\u00a9-Mikael-Theimer-2.png","datePublished":"2024-07-11T15:04:27+00:00","dateModified":"2025-03-27T14:05:48+00:00","breadcrumb":{"@id":"https:\/\/www.studio303.ca\/en\/corpuscule-danse-dance-and-functional-diversity-24-25\/#breadcrumb"},"inLanguage":"en-US","potentialAction":[{"@type":"ReadAction","target":["https:\/\/www.studio303.ca\/en\/corpuscule-danse-dance-and-functional-diversity-24-25\/"]}]},{"@type":"ImageObject","inLanguage":"en-US","@id":"https:\/\/www.studio303.ca\/en\/corpuscule-danse-dance-and-functional-diversity-24-25\/#primaryimage","url":"https:\/\/www.studio303.ca\/wp-content\/uploads\/2024\/07\/Corpuscule-Dance-\u00a9-Mikael-Theimer-2.png","contentUrl":"https:\/\/www.studio303.ca\/wp-content\/uploads\/2024\/07\/Corpuscule-Dance-\u00a9-Mikael-Theimer-2.png","width":640,"height":480},{"@type":"BreadcrumbList","@id":"https:\/\/www.studio303.ca\/en\/corpuscule-danse-dance-and-functional-diversity-24-25\/#breadcrumb","itemListElement":[{"@type":"ListItem","position":1,"name":"Home","item":"https:\/\/www.studio303.ca\/en\/home\/"},{"@type":"ListItem","position":2,"name":"Accessible (+) | Corpuscule Danse \u2014 Dance and Functional Diversity"}]},{"@type":"WebSite","@id":"https:\/\/www.studio303.ca\/#website","url":"https:\/\/www.studio303.ca\/","name":"Studio 303","description":"Lieu de diffusion et de soutien pour la danse et l&#039;art indisciplin\u00e9 \u00e0 Montr\u00e9al.","publisher":{"@id":"https:\/\/www.studio303.ca\/#organization"},"potentialAction":[{"@type":"SearchAction","target":{"@type":"EntryPoint","urlTemplate":"https:\/\/www.studio303.ca\/?s={search_term_string}"},"query-input":{"@type":"PropertyValueSpecification","valueRequired":true,"valueName":"search_term_string"}}],"inLanguage":"en-US"},{"@type":"Organization","@id":"https:\/\/www.studio303.ca\/#organization","name":"Studio 303","url":"https:\/\/www.studio303.ca\/","logo":{"@type":"ImageObject","inLanguage":"en-US","@id":"https:\/\/www.studio303.ca\/#\/schema\/logo\/image\/","url":"https:\/\/www.studio303.ca\/wp-content\/uploads\/2025\/08\/studio303-logo_black-c2586d.svg","contentUrl":"https:\/\/www.studio303.ca\/wp-content\/uploads\/2025\/08\/studio303-logo_black-c2586d.svg","caption":"Studio 303"},"image":{"@id":"https:\/\/www.studio303.ca\/#\/schema\/logo\/image\/"},"sameAs":["https:\/\/www.facebook.com\/studio303.montreal","http:\/\/instagram.com\/studio303"]},{"@type":"Person","@id":"https:\/\/www.studio303.ca\/#\/schema\/person\/40ae52c09f157a123cfb5715ae871308","name":"Studio 303","image":{"@type":"ImageObject","inLanguage":"en-US","@id":"https:\/\/secure.gravatar.com\/avatar\/ed48799669d7f111eba71a9f3c7cfd7440352e887511c1ca683b06690450f02b?s=96&d=mm&r=g","url":"https:\/\/secure.gravatar.com\/avatar\/ed48799669d7f111eba71a9f3c7cfd7440352e887511c1ca683b06690450f02b?s=96&d=mm&r=g","contentUrl":"https:\/\/secure.gravatar.com\/avatar\/ed48799669d7f111eba71a9f3c7cfd7440352e887511c1ca683b06690450f02b?s=96&d=mm&r=g","caption":"Studio 303"},"url":"https:\/\/www.studio303.ca\/en\/author\/admin-303\/"}]}},"_links":{"self":[{"href":"https:\/\/www.studio303.ca\/en\/wp-json\/wp\/v2\/posts\/25045","targetHints":{"allow":["GET"]}}],"collection":[{"href":"https:\/\/www.studio303.ca\/en\/wp-json\/wp\/v2\/posts"}],"about":[{"href":"https:\/\/www.studio303.ca\/en\/wp-json\/wp\/v2\/types\/post"}],"author":[{"embeddable":true,"href":"https:\/\/www.studio303.ca\/en\/wp-json\/wp\/v2\/users\/2"}],"replies":[{"embeddable":true,"href":"https:\/\/www.studio303.ca\/en\/wp-json\/wp\/v2\/comments?post=25045"}],"version-history":[{"count":14,"href":"https:\/\/www.studio303.ca\/en\/wp-json\/wp\/v2\/posts\/25045\/revisions"}],"predecessor-version":[{"id":27664,"href":"https:\/\/www.studio303.ca\/en\/wp-json\/wp\/v2\/posts\/25045\/revisions\/27664"}],"wp:featuredmedia":[{"embeddable":true,"href":"https:\/\/www.studio303.ca\/en\/wp-json\/wp\/v2\/media\/27403"}],"wp:attachment":[{"href":"https:\/\/www.studio303.ca\/en\/wp-json\/wp\/v2\/media?parent=25045"}],"wp:term":[{"taxonomy":"category","embeddable":true,"href":"https:\/\/www.studio303.ca\/en\/wp-json\/wp\/v2\/categories?post=25045"},{"taxonomy":"post_tag","embeddable":true,"href":"https:\/\/www.studio303.ca\/en\/wp-json\/wp\/v2\/tags?post=25045"}],"curies":[{"name":"wp","href":"https:\/\/api.w.org\/{rel}","templated":true}]}}