{"id":26056,"date":"2024-07-24T10:13:36","date_gmt":"2024-07-24T14:13:36","guid":{"rendered":"https:\/\/www.studio303.ca\/?p=26056"},"modified":"2025-03-07T16:47:38","modified_gmt":"2025-03-07T20:47:38","slug":"taking-the-leap-24-25","status":"publish","type":"post","link":"https:\/\/www.studio303.ca\/en\/taking-the-leap-24-25\/","title":{"rendered":"Taking the Leap"},"content":{"rendered":"\n<p style=\"font-size:clamp(14px, 0.875rem + ((1vw - 3.2px) * 0.244), 16px);\"><strong>Friday, March 14, 2025<\/strong><br><strong>2:00 to 5:00 pm&nbsp;<\/strong><\/p>\n\n\n\n<!--more-->\n\n\n\n<p style=\"font-size:clamp(14px, 0.875rem + ((1vw - 3.2px) * 0.244), 16px);\"><b>Registration required: <\/b><span style=\"font-weight: 400;\">Free (or donation via <\/span><b>Zeffy<\/b>)<b> <\/b><br><b>Language: <\/b><span style=\"font-weight: 400;\">French and English <\/span><\/p>\n\n\n\n<p class=\"has-black-color has-text-color\" style=\"font-size:clamp(14px, 0.875rem + ((1vw - 3.2px) * 0.244), 16px);\"><\/p>\n\n\n\n<p style=\"font-size:clamp(14px, 0.875rem + ((1vw - 3.2px) * 0.244), 16px);\"><i><span style=\"font-weight: 400;\">In collaboration with Big Bang, and the dance departments of Concordia University and UQ\u00c0M.<\/span><\/i><\/p>\n\n\n\n<div style=\"height:13px\" aria-hidden=\"true\" class=\"wp-block-spacer\"><\/div>\n\n\n\n<div class=\"wp-block-buttons is-content-justification-center is-layout-flex wp-container-core-buttons-is-layout-a89b3969 wp-block-buttons-is-layout-flex\">\n<div class=\"wp-block-button has-custom-width wp-block-button__width-25 has-custom-font-size is-style-outline is-style-outline--1\" style=\"font-size:clamp(14px, 0.875rem + ((1vw - 3.2px) * 0.244), 16px);\"><a class=\"wp-block-button__link has-white-background-color has-text-color has-background wp-element-button\" href=\"https:\/\/www.zeffy.com\/ticketing\/0fc40ba7-7ff6-46e6-ab44-4171522645da\" style=\"border-radius:21px;color:#db3589\" target=\"_blank\" rel=\"noreferrer noopener\">REGISTER<\/a><\/div>\n<\/div>\n\n\n\n<div style=\"height:15px\" aria-hidden=\"true\" class=\"wp-block-spacer\"><\/div>\n\n\n\n<p class=\"has-text-color\" style=\"color:#db3589;font-size:clamp(14px, 0.875rem + ((1vw - 3.2px) * 0.244), 16px);\"><strong>DESCRIPTION<\/strong><\/p>\n\n\n\n<p style=\"font-size:clamp(14px, 0.875rem + ((1vw - 3.2px) * 0.244), 16px);\"><strong>Open to emerging choreographers: recent graduates, self-taught and students.<\/strong>  Taking the Leap is a space for exchange and connection that helps participants navigate the professional dance world. During this event, we will hear from choreographers and independent artists who will share their early career concerns and challenges. Small discussion groups will then be formed around specific themes.<\/p>\n\n\n\n<p style=\"font-size:clamp(14px, 0.875rem + ((1vw - 3.2px) * 0.244), 16px);\"><strong>On request<\/strong>, a childcare service will be offered free of charge in the adjacent office \u2013 Please contact us at <a href=\"mailto:info@studio303.ca\" target=\"_blank\" rel=\"noreferrer noopener\">info@studio303.ca<\/a> before<strong> Monday, March 10th, 2025 at 9 am.<\/strong><\/p>\n\n\n\n<p class=\"has-text-color\" style=\"color:#db3589;font-size:clamp(14px, 0.875rem + ((1vw - 3.2px) * 0.244), 16px);\"><strong>HOW TO PREPARE TO GET THE MOST OUT OF THIS EVENT?&nbsp;<\/strong><\/p>\n\n\n\n<p class=\"has-black-color has-text-color\" style=\"font-size:clamp(14px, 0.875rem + ((1vw - 3.2px) * 0.244), 16px);\">&#8211; <span style=\"font-weight: 400;\">Read the introductory chapter&nbsp; \u201cMontreal\u201d in our guide <\/span><a href=\"https:\/\/www.studio303.ca\/en\/taking-the-leap\/\"><b>Taking the Leap<\/b><\/a> <br><span style=\"font-weight: 400;\">&#8211; Listen to our <\/span><a href=\"https:\/\/www.studio303.ca\/en\/archives-2\/#projects\"><b>four podcasts<\/b><\/a><span style=\"font-weight: 400;\"> featuring conversations between artists and cultural workers <\/span><br><span style=\"font-weight: 400;\">&#8211; Check out <\/span><a href=\"https:\/\/www.studio303.ca\/en\/archives\/archives-re-tours\/\"><b>Re-tours<\/b><\/a><span style=\"font-weight: 400;\">: personal stories by Dana Michel, Virginie Brunelle, M\u00e9lanie Demers and others, about touring and how their careers got started.<\/span><\/p>\n\n\n\n<p><\/p>\n\n\n\n<p class=\"has-text-color\" style=\"color:#db3589;font-size:clamp(14px, 0.875rem + ((1vw - 3.2px) * 0.244), 16px);\"><b>GUEST ARTISTS<\/b><\/p>\n\n\n\n<div class=\"wp-block-media-text is-stacked-on-mobile is-image-fill\" style=\"grid-template-columns:27% auto\"><figure class=\"wp-block-media-text__media\" style=\"background-image:url(https:\/\/www.studio303.ca\/wp-content\/uploads\/2024\/07\/webClaudiaChanTak2022_0570-\u00a9-Julie-Artacho-1-683x1024.jpg);background-position:46% 13%\"><img loading=\"lazy\" decoding=\"async\" width=\"683\" height=\"1024\" src=\"https:\/\/www.studio303.ca\/wp-content\/uploads\/2024\/07\/webClaudiaChanTak2022_0570-\u00a9-Julie-Artacho-1-683x1024.jpg\" alt=\"\" class=\"wp-image-27492 size-full\" srcset=\"https:\/\/www.studio303.ca\/wp-content\/uploads\/2024\/07\/webClaudiaChanTak2022_0570-\u00a9-Julie-Artacho-1-683x1024.jpg 683w, https:\/\/www.studio303.ca\/wp-content\/uploads\/2024\/07\/webClaudiaChanTak2022_0570-\u00a9-Julie-Artacho-1-200x300.jpg 200w, https:\/\/www.studio303.ca\/wp-content\/uploads\/2024\/07\/webClaudiaChanTak2022_0570-\u00a9-Julie-Artacho-1-768x1152.jpg 768w, https:\/\/www.studio303.ca\/wp-content\/uploads\/2024\/07\/webClaudiaChanTak2022_0570-\u00a9-Julie-Artacho-1-1024x1536.jpg 1024w, https:\/\/www.studio303.ca\/wp-content\/uploads\/2024\/07\/webClaudiaChanTak2022_0570-\u00a9-Julie-Artacho-1-100x150.jpg 100w, https:\/\/www.studio303.ca\/wp-content\/uploads\/2024\/07\/webClaudiaChanTak2022_0570-\u00a9-Julie-Artacho-1-1056x1584.jpg 1056w, https:\/\/www.studio303.ca\/wp-content\/uploads\/2024\/07\/webClaudiaChanTak2022_0570-\u00a9-Julie-Artacho-1.jpg 1200w\" sizes=\"auto, (max-width: 683px) 100vw, 683px\" \/><\/figure><div class=\"wp-block-media-text__content\">\n<p style=\"font-size:clamp(14px, 0.875rem + ((1vw - 3.2px) * 0.244), 16px);\"><strong>Claudia Chan Tak <\/strong>is a multidisciplinary artist, trained in visual arts (Concordia, B.A. with distinction 2009) and contemporary dance (UQAM, B.A. 2012 &amp; M.A. 2017).&nbsp;<\/p>\n\n\n\n<p style=\"font-size:clamp(14px, 0.875rem + ((1vw - 3.2px) * 0.244), 16px);\">She is recognized for her work as a choreographer, performer, actor, costume designer and videographer, as well as for her community and curatorial work, which was awarded the Envol Dance Prize in 2022. Her creations have been seen on many venues in Quebec and abroad. In recognition of the quality of her artistic work, she was awarded the Prix William Douglas in 2015 and the Prix M\u00e9c\u00e8nes investis pour les arts in 2018.&nbsp;<\/p>\n<\/div><\/div>\n\n\n\n<hr class=\"wp-block-separator has-alpha-channel-opacity is-style-dots\"\/>\n\n\n\n<div class=\"wp-block-media-text is-stacked-on-mobile is-image-fill\" style=\"grid-template-columns:27% auto\"><figure class=\"wp-block-media-text__media\" style=\"background-image:url(https:\/\/www.studio303.ca\/wp-content\/uploads\/2024\/07\/camille-larivee-1.png);background-position:50% 50%\"><img loading=\"lazy\" decoding=\"async\" width=\"684\" height=\"552\" src=\"https:\/\/www.studio303.ca\/wp-content\/uploads\/2024\/07\/camille-larivee-1.png\" alt=\"\" class=\"wp-image-27494 size-full\" srcset=\"https:\/\/www.studio303.ca\/wp-content\/uploads\/2024\/07\/camille-larivee-1.png 684w, https:\/\/www.studio303.ca\/wp-content\/uploads\/2024\/07\/camille-larivee-1-300x242.png 300w, https:\/\/www.studio303.ca\/wp-content\/uploads\/2024\/07\/camille-larivee-1-100x81.png 100w\" sizes=\"auto, (max-width: 684px) 100vw, 684px\" \/><\/figure><div class=\"wp-block-media-text__content\">\n<p style=\"font-size:clamp(14px, 0.875rem + ((1vw - 3.2px) * 0.244), 16px);\"><strong>Camille Lariv\u00e9e<\/strong> is a street art artist, independent curator and cultural worker based in Montreal. She holds a bachelor&#8217;s degree in art history and a certificate in feminist studies from the Universit\u00e9 du Qu\u00e9bec \u00e0 Montr\u00e9al (UQAM). Iel has over 12 years of experience in the Canadian visual and multidisciplinary arts milieu, having worked for various national arts organizations such as the Independent Media Art Alliance and the Indigenous Curatorial Collective. As an author, he co-edited the book D&#8217;horizons et d&#8217;estuaires : entre m\u00e9moires et cr\u00e9ations autochtones and his texts have appeared in several magazines, including Canadian Art and Espace Art Actuel. Camille is the General and Artistic Director of Montr\u00e9al, arts interculturels (MAI).<br><\/p>\n<\/div><\/div>\n\n\n\n<hr class=\"wp-block-separator has-alpha-channel-opacity is-style-dots\"\/>\n\n\n\n<div class=\"wp-block-media-text is-stacked-on-mobile is-image-fill\" style=\"grid-template-columns:27% auto\"><figure class=\"wp-block-media-text__media\" style=\"background-image:url(https:\/\/www.studio303.ca\/wp-content\/uploads\/2024\/07\/Rozenn-Lecomte-\u00a9Maude-Archambault-Wakil-1-683x1024.jpg);background-position:41% 22%\"><img loading=\"lazy\" decoding=\"async\" width=\"683\" height=\"1024\" src=\"https:\/\/www.studio303.ca\/wp-content\/uploads\/2024\/07\/Rozenn-Lecomte-\u00a9Maude-Archambault-Wakil-1-683x1024.jpg\" alt=\"\" class=\"wp-image-27496 size-full\" srcset=\"https:\/\/www.studio303.ca\/wp-content\/uploads\/2024\/07\/Rozenn-Lecomte-\u00a9Maude-Archambault-Wakil-1-683x1024.jpg 683w, https:\/\/www.studio303.ca\/wp-content\/uploads\/2024\/07\/Rozenn-Lecomte-\u00a9Maude-Archambault-Wakil-1-200x300.jpg 200w, https:\/\/www.studio303.ca\/wp-content\/uploads\/2024\/07\/Rozenn-Lecomte-\u00a9Maude-Archambault-Wakil-1-768x1152.jpg 768w, https:\/\/www.studio303.ca\/wp-content\/uploads\/2024\/07\/Rozenn-Lecomte-\u00a9Maude-Archambault-Wakil-1-1024x1536.jpg 1024w, https:\/\/www.studio303.ca\/wp-content\/uploads\/2024\/07\/Rozenn-Lecomte-\u00a9Maude-Archambault-Wakil-1-100x150.jpg 100w, https:\/\/www.studio303.ca\/wp-content\/uploads\/2024\/07\/Rozenn-Lecomte-\u00a9Maude-Archambault-Wakil-1-1056x1584.jpg 1056w, https:\/\/www.studio303.ca\/wp-content\/uploads\/2024\/07\/Rozenn-Lecomte-\u00a9Maude-Archambault-Wakil-1.jpg 1365w\" sizes=\"auto, (max-width: 683px) 100vw, 683px\" \/><\/figure><div class=\"wp-block-media-text__content\">\n<p style=\"font-size:clamp(14px, 0.875rem + ((1vw - 3.2px) * 0.244), 16px);\"><strong>Rozenn Lecomte<\/strong> is a Quebec-based choreographer and performer exploring rebellious bodies and anti-conformism. She premiered The gathering of the Gentle (2023) and The politics of regret (2024) after multiple residencies in Montreal and Europe. Her work is rooted in underground events and institutional spaces, blending performance, pedagogy, and artistic direction.<br><\/p>\n<\/div><\/div>\n\n\n\n<hr class=\"wp-block-separator has-alpha-channel-opacity is-style-dots\"\/>\n\n\n\n<div class=\"wp-block-media-text is-stacked-on-mobile\" style=\"grid-template-columns:37% auto\"><figure class=\"wp-block-media-text__media\"><img loading=\"lazy\" decoding=\"async\" width=\"1024\" height=\"684\" src=\"https:\/\/www.studio303.ca\/wp-content\/uploads\/2024\/07\/CollectifNUES_Marie-Maxime-Carle-MMC-Photo-1-1024x684.jpeg\" alt=\"\" class=\"wp-image-27498 size-full\" srcset=\"https:\/\/www.studio303.ca\/wp-content\/uploads\/2024\/07\/CollectifNUES_Marie-Maxime-Carle-MMC-Photo-1-1024x684.jpeg 1024w, https:\/\/www.studio303.ca\/wp-content\/uploads\/2024\/07\/CollectifNUES_Marie-Maxime-Carle-MMC-Photo-1-300x200.jpeg 300w, https:\/\/www.studio303.ca\/wp-content\/uploads\/2024\/07\/CollectifNUES_Marie-Maxime-Carle-MMC-Photo-1-768x513.jpeg 768w, https:\/\/www.studio303.ca\/wp-content\/uploads\/2024\/07\/CollectifNUES_Marie-Maxime-Carle-MMC-Photo-1-1536x1027.jpeg 1536w, https:\/\/www.studio303.ca\/wp-content\/uploads\/2024\/07\/CollectifNUES_Marie-Maxime-Carle-MMC-Photo-1-100x67.jpeg 100w, https:\/\/www.studio303.ca\/wp-content\/uploads\/2024\/07\/CollectifNUES_Marie-Maxime-Carle-MMC-Photo-1-1056x706.jpeg 1056w, https:\/\/www.studio303.ca\/wp-content\/uploads\/2024\/07\/CollectifNUES_Marie-Maxime-Carle-MMC-Photo-1.jpeg 1616w\" sizes=\"auto, (max-width: 1024px) 100vw, 1024px\" \/><\/figure><div class=\"wp-block-media-text__content\">\n<p style=\"font-size:clamp(14px, 0.875rem + ((1vw - 3.2px) * 0.244), 16px);\"><strong>Maude Choquet-Blanchette, Juliette Pottier Plaziat, and Myriam (Milow) Foisy<\/strong> from Collectif NU.E.S will be present for the event!<br><br><strong>NU.E.S, a collective of uninhibited artists<\/strong>, is a non-profit organization based in Hochelaga seeking to create performative, interdisciplinary and contemporary shows on topics such as intimacy, eroticism and sexually marginalized diversity. The collective holds authenticity, vulnerability and performativity at the heart of its artistic process. It unites artists who share a passion for these topics and who care to explore queer, intersectional feminist and sex-positive perspectives.<br><\/p>\n<\/div><\/div>\n\n\n\n<hr class=\"wp-block-separator has-alpha-channel-opacity is-style-wide\"\/>\n\n\n\n<div class=\"wp-block-columns is-layout-flex wp-container-core-columns-is-layout-28f84493 wp-block-columns-is-layout-flex\">\n<div class=\"wp-block-column is-layout-flow wp-block-column-is-layout-flow\">\n<p id=\"grantspakickstartfr\" style=\"font-size:clamp(14px, 0.875rem + ((1vw - 3.2px) * 0.244), 16px);\"><strong>REGISTRATION FORM: Taking the Leap \u2014 March 14, 2025 <\/strong><\/p>\n\n\n\n<div style=\"position:relative;overflow:hidden;height:630px;width:100%;padding-top:630px;\"><iframe title='Donation form powered by Zeffy' style='position: absolute; border: 0; top:0;left:0;bottom:0;right:0;width:100%;height:100%' src='https:\/\/www.zeffy.com\/embed\/ticketing\/0fc40ba7-7ff6-46e6-ab44-4171522645da' allowpaymentrequest allowTransparency=\"true\"><\/iframe><\/div>\n<\/div>\n\n\n\n<div class=\"wp-block-column is-layout-flow wp-block-column-is-layout-flow\">\n<h3><span style=\"color: #db3589;\"><a style=\"color: #db3589;\" href=\"https:\/\/www.studio303.ca\/en\/accessibility-2\/\"><b>STUDIO 303\u2019S ACCESSIBILITY<\/b><\/a><\/span><\/h3>\n<h3><span style=\"color: #db3589;\"><a style=\"color: #db3589;\" href=\"https:\/\/www.studio303.ca\/en\/cancellation-and-refund-policy\/\"><b>CANCELLATION AND REFUND POLICY<\/b><\/a><\/span><\/h3>\n<h3><a href=\"https:\/\/www.zeffy.com\/ticketing\/0fc40ba7-7ff6-46e6-ab44-4171522645da\" target=\"_blank\" rel=\"noopener\"><b><span style=\"color: #db3589;\">OPEN THE REGISTRATION FORM IN A NEW TAB<\/span><\/b><\/a><\/h3>\n<\/div>\n<\/div>\n","protected":false},"excerpt":{"rendered":"<p>Friday, March 14, 20252:00 to 5:00 pm&nbsp;<\/p>\n","protected":false},"author":2,"featured_media":26165,"comment_status":"closed","ping_status":"closed","sticky":false,"template":"","format":"standard","meta":{"_acf_changed":false,"inline_featured_image":false,"_exactmetrics_skip_tracking":false,"_exactmetrics_sitenote_active":false,"_exactmetrics_sitenote_note":"","_exactmetrics_sitenote_category":0,"_themeisle_gutenberg_block_has_review":false,"footnotes":""},"categories":[19,68,29],"tags":[],"class_list":["post-26056","post","type-post","status-publish","format-standard","has-post-thumbnail","hentry","category-events","category-current-event","category-passe"],"acf":[],"yoast_head":"<!-- This site is optimized with the Yoast SEO plugin v27.5 - https:\/\/yoast.com\/product\/yoast-seo-wordpress\/ -->\n<title>Taking the Leap - Studio 303<\/title>\n<meta name=\"robots\" content=\"index, follow, max-snippet:-1, max-image-preview:large, max-video-preview:-1\" \/>\n<link rel=\"canonical\" href=\"https:\/\/www.studio303.ca\/en\/taking-the-leap-24-25\/\" \/>\n<meta property=\"og:locale\" content=\"en_US\" \/>\n<meta property=\"og:type\" content=\"article\" \/>\n<meta property=\"og:title\" content=\"Taking the Leap - Studio 303\" \/>\n<meta property=\"og:description\" content=\"Friday, March 14, 20252:00 to 5:00 pm&nbsp;\" \/>\n<meta property=\"og:url\" content=\"https:\/\/www.studio303.ca\/en\/taking-the-leap-24-25\/\" \/>\n<meta property=\"og:site_name\" content=\"Studio 303\" \/>\n<meta property=\"article:publisher\" content=\"https:\/\/www.facebook.com\/studio303.montreal\" \/>\n<meta property=\"article:published_time\" content=\"2024-07-24T14:13:36+00:00\" \/>\n<meta property=\"article:modified_time\" content=\"2025-03-07T20:47:38+00:00\" \/>\n<meta property=\"og:image\" content=\"https:\/\/www.studio303.ca\/wp-content\/uploads\/2024\/07\/Taking-the-leap-ENG-1.png\" \/>\n\t<meta property=\"og:image:width\" content=\"640\" \/>\n\t<meta property=\"og:image:height\" content=\"480\" \/>\n\t<meta property=\"og:image:type\" content=\"image\/png\" \/>\n<meta name=\"author\" content=\"Studio 303\" \/>\n<meta name=\"twitter:card\" content=\"summary_large_image\" \/>\n<meta name=\"twitter:label1\" content=\"Written by\" \/>\n\t<meta name=\"twitter:data1\" content=\"Studio 303\" \/>\n\t<meta name=\"twitter:label2\" content=\"Est. reading time\" \/>\n\t<meta name=\"twitter:data2\" content=\"4 minutes\" \/>\n<script type=\"application\/ld+json\" class=\"yoast-schema-graph\">{\"@context\":\"https:\\\/\\\/schema.org\",\"@graph\":[{\"@type\":\"Article\",\"@id\":\"https:\\\/\\\/www.studio303.ca\\\/en\\\/taking-the-leap-24-25\\\/#article\",\"isPartOf\":{\"@id\":\"https:\\\/\\\/www.studio303.ca\\\/en\\\/taking-the-leap-24-25\\\/\"},\"author\":{\"name\":\"Studio 303\",\"@id\":\"https:\\\/\\\/www.studio303.ca\\\/#\\\/schema\\\/person\\\/40ae52c09f157a123cfb5715ae871308\"},\"headline\":\"Taking the Leap\",\"datePublished\":\"2024-07-24T14:13:36+00:00\",\"dateModified\":\"2025-03-07T20:47:38+00:00\",\"mainEntityOfPage\":{\"@id\":\"https:\\\/\\\/www.studio303.ca\\\/en\\\/taking-the-leap-24-25\\\/\"},\"wordCount\":561,\"publisher\":{\"@id\":\"https:\\\/\\\/www.studio303.ca\\\/#organization\"},\"image\":{\"@id\":\"https:\\\/\\\/www.studio303.ca\\\/en\\\/taking-the-leap-24-25\\\/#primaryimage\"},\"thumbnailUrl\":\"https:\\\/\\\/www.studio303.ca\\\/wp-content\\\/uploads\\\/2024\\\/07\\\/Taking-the-leap-ENG-1.png\",\"articleSection\":[\"Events\",\"Events 24-25\",\"passe\"],\"inLanguage\":\"en-US\"},{\"@type\":\"WebPage\",\"@id\":\"https:\\\/\\\/www.studio303.ca\\\/en\\\/taking-the-leap-24-25\\\/\",\"url\":\"https:\\\/\\\/www.studio303.ca\\\/en\\\/taking-the-leap-24-25\\\/\",\"name\":\"Taking the Leap - Studio 303\",\"isPartOf\":{\"@id\":\"https:\\\/\\\/www.studio303.ca\\\/#website\"},\"primaryImageOfPage\":{\"@id\":\"https:\\\/\\\/www.studio303.ca\\\/en\\\/taking-the-leap-24-25\\\/#primaryimage\"},\"image\":{\"@id\":\"https:\\\/\\\/www.studio303.ca\\\/en\\\/taking-the-leap-24-25\\\/#primaryimage\"},\"thumbnailUrl\":\"https:\\\/\\\/www.studio303.ca\\\/wp-content\\\/uploads\\\/2024\\\/07\\\/Taking-the-leap-ENG-1.png\",\"datePublished\":\"2024-07-24T14:13:36+00:00\",\"dateModified\":\"2025-03-07T20:47:38+00:00\",\"breadcrumb\":{\"@id\":\"https:\\\/\\\/www.studio303.ca\\\/en\\\/taking-the-leap-24-25\\\/#breadcrumb\"},\"inLanguage\":\"en-US\",\"potentialAction\":[{\"@type\":\"ReadAction\",\"target\":[\"https:\\\/\\\/www.studio303.ca\\\/en\\\/taking-the-leap-24-25\\\/\"]}]},{\"@type\":\"ImageObject\",\"inLanguage\":\"en-US\",\"@id\":\"https:\\\/\\\/www.studio303.ca\\\/en\\\/taking-the-leap-24-25\\\/#primaryimage\",\"url\":\"https:\\\/\\\/www.studio303.ca\\\/wp-content\\\/uploads\\\/2024\\\/07\\\/Taking-the-leap-ENG-1.png\",\"contentUrl\":\"https:\\\/\\\/www.studio303.ca\\\/wp-content\\\/uploads\\\/2024\\\/07\\\/Taking-the-leap-ENG-1.png\",\"width\":640,\"height\":480},{\"@type\":\"BreadcrumbList\",\"@id\":\"https:\\\/\\\/www.studio303.ca\\\/en\\\/taking-the-leap-24-25\\\/#breadcrumb\",\"itemListElement\":[{\"@type\":\"ListItem\",\"position\":1,\"name\":\"Home\",\"item\":\"https:\\\/\\\/www.studio303.ca\\\/en\\\/home\\\/\"},{\"@type\":\"ListItem\",\"position\":2,\"name\":\"Taking the Leap\"}]},{\"@type\":\"WebSite\",\"@id\":\"https:\\\/\\\/www.studio303.ca\\\/#website\",\"url\":\"https:\\\/\\\/www.studio303.ca\\\/\",\"name\":\"Studio 303\",\"description\":\"Lieu de diffusion et de soutien pour la danse et l&#039;art indisciplin\u00e9 \u00e0 Montr\u00e9al.\",\"publisher\":{\"@id\":\"https:\\\/\\\/www.studio303.ca\\\/#organization\"},\"potentialAction\":[{\"@type\":\"SearchAction\",\"target\":{\"@type\":\"EntryPoint\",\"urlTemplate\":\"https:\\\/\\\/www.studio303.ca\\\/?s={search_term_string}\"},\"query-input\":{\"@type\":\"PropertyValueSpecification\",\"valueRequired\":true,\"valueName\":\"search_term_string\"}}],\"inLanguage\":\"en-US\"},{\"@type\":\"Organization\",\"@id\":\"https:\\\/\\\/www.studio303.ca\\\/#organization\",\"name\":\"Studio 303\",\"url\":\"https:\\\/\\\/www.studio303.ca\\\/\",\"logo\":{\"@type\":\"ImageObject\",\"inLanguage\":\"en-US\",\"@id\":\"https:\\\/\\\/www.studio303.ca\\\/#\\\/schema\\\/logo\\\/image\\\/\",\"url\":\"https:\\\/\\\/www.studio303.ca\\\/wp-content\\\/uploads\\\/2025\\\/08\\\/studio303-logo_black-c2586d.svg\",\"contentUrl\":\"https:\\\/\\\/www.studio303.ca\\\/wp-content\\\/uploads\\\/2025\\\/08\\\/studio303-logo_black-c2586d.svg\",\"caption\":\"Studio 303\"},\"image\":{\"@id\":\"https:\\\/\\\/www.studio303.ca\\\/#\\\/schema\\\/logo\\\/image\\\/\"},\"sameAs\":[\"https:\\\/\\\/www.facebook.com\\\/studio303.montreal\",\"http:\\\/\\\/instagram.com\\\/studio303\"]},{\"@type\":\"Person\",\"@id\":\"https:\\\/\\\/www.studio303.ca\\\/#\\\/schema\\\/person\\\/40ae52c09f157a123cfb5715ae871308\",\"name\":\"Studio 303\",\"image\":{\"@type\":\"ImageObject\",\"inLanguage\":\"en-US\",\"@id\":\"https:\\\/\\\/secure.gravatar.com\\\/avatar\\\/ed48799669d7f111eba71a9f3c7cfd7440352e887511c1ca683b06690450f02b?s=96&d=mm&r=g\",\"url\":\"https:\\\/\\\/secure.gravatar.com\\\/avatar\\\/ed48799669d7f111eba71a9f3c7cfd7440352e887511c1ca683b06690450f02b?s=96&d=mm&r=g\",\"contentUrl\":\"https:\\\/\\\/secure.gravatar.com\\\/avatar\\\/ed48799669d7f111eba71a9f3c7cfd7440352e887511c1ca683b06690450f02b?s=96&d=mm&r=g\",\"caption\":\"Studio 303\"},\"url\":\"https:\\\/\\\/www.studio303.ca\\\/en\\\/author\\\/admin-303\\\/\"}]}<\/script>\n<!-- \/ Yoast SEO plugin. -->","yoast_head_json":{"title":"Taking the Leap - Studio 303","robots":{"index":"index","follow":"follow","max-snippet":"max-snippet:-1","max-image-preview":"max-image-preview:large","max-video-preview":"max-video-preview:-1"},"canonical":"https:\/\/www.studio303.ca\/en\/taking-the-leap-24-25\/","og_locale":"en_US","og_type":"article","og_title":"Taking the Leap - Studio 303","og_description":"Friday, March 14, 20252:00 to 5:00 pm&nbsp;","og_url":"https:\/\/www.studio303.ca\/en\/taking-the-leap-24-25\/","og_site_name":"Studio 303","article_publisher":"https:\/\/www.facebook.com\/studio303.montreal","article_published_time":"2024-07-24T14:13:36+00:00","article_modified_time":"2025-03-07T20:47:38+00:00","og_image":[{"width":640,"height":480,"url":"https:\/\/www.studio303.ca\/wp-content\/uploads\/2024\/07\/Taking-the-leap-ENG-1.png","type":"image\/png"}],"author":"Studio 303","twitter_card":"summary_large_image","twitter_misc":{"Written by":"Studio 303","Est. reading time":"4 minutes"},"schema":{"@context":"https:\/\/schema.org","@graph":[{"@type":"Article","@id":"https:\/\/www.studio303.ca\/en\/taking-the-leap-24-25\/#article","isPartOf":{"@id":"https:\/\/www.studio303.ca\/en\/taking-the-leap-24-25\/"},"author":{"name":"Studio 303","@id":"https:\/\/www.studio303.ca\/#\/schema\/person\/40ae52c09f157a123cfb5715ae871308"},"headline":"Taking the Leap","datePublished":"2024-07-24T14:13:36+00:00","dateModified":"2025-03-07T20:47:38+00:00","mainEntityOfPage":{"@id":"https:\/\/www.studio303.ca\/en\/taking-the-leap-24-25\/"},"wordCount":561,"publisher":{"@id":"https:\/\/www.studio303.ca\/#organization"},"image":{"@id":"https:\/\/www.studio303.ca\/en\/taking-the-leap-24-25\/#primaryimage"},"thumbnailUrl":"https:\/\/www.studio303.ca\/wp-content\/uploads\/2024\/07\/Taking-the-leap-ENG-1.png","articleSection":["Events","Events 24-25","passe"],"inLanguage":"en-US"},{"@type":"WebPage","@id":"https:\/\/www.studio303.ca\/en\/taking-the-leap-24-25\/","url":"https:\/\/www.studio303.ca\/en\/taking-the-leap-24-25\/","name":"Taking the Leap - Studio 303","isPartOf":{"@id":"https:\/\/www.studio303.ca\/#website"},"primaryImageOfPage":{"@id":"https:\/\/www.studio303.ca\/en\/taking-the-leap-24-25\/#primaryimage"},"image":{"@id":"https:\/\/www.studio303.ca\/en\/taking-the-leap-24-25\/#primaryimage"},"thumbnailUrl":"https:\/\/www.studio303.ca\/wp-content\/uploads\/2024\/07\/Taking-the-leap-ENG-1.png","datePublished":"2024-07-24T14:13:36+00:00","dateModified":"2025-03-07T20:47:38+00:00","breadcrumb":{"@id":"https:\/\/www.studio303.ca\/en\/taking-the-leap-24-25\/#breadcrumb"},"inLanguage":"en-US","potentialAction":[{"@type":"ReadAction","target":["https:\/\/www.studio303.ca\/en\/taking-the-leap-24-25\/"]}]},{"@type":"ImageObject","inLanguage":"en-US","@id":"https:\/\/www.studio303.ca\/en\/taking-the-leap-24-25\/#primaryimage","url":"https:\/\/www.studio303.ca\/wp-content\/uploads\/2024\/07\/Taking-the-leap-ENG-1.png","contentUrl":"https:\/\/www.studio303.ca\/wp-content\/uploads\/2024\/07\/Taking-the-leap-ENG-1.png","width":640,"height":480},{"@type":"BreadcrumbList","@id":"https:\/\/www.studio303.ca\/en\/taking-the-leap-24-25\/#breadcrumb","itemListElement":[{"@type":"ListItem","position":1,"name":"Home","item":"https:\/\/www.studio303.ca\/en\/home\/"},{"@type":"ListItem","position":2,"name":"Taking the Leap"}]},{"@type":"WebSite","@id":"https:\/\/www.studio303.ca\/#website","url":"https:\/\/www.studio303.ca\/","name":"Studio 303","description":"Lieu de diffusion et de soutien pour la danse et l&#039;art indisciplin\u00e9 \u00e0 Montr\u00e9al.","publisher":{"@id":"https:\/\/www.studio303.ca\/#organization"},"potentialAction":[{"@type":"SearchAction","target":{"@type":"EntryPoint","urlTemplate":"https:\/\/www.studio303.ca\/?s={search_term_string}"},"query-input":{"@type":"PropertyValueSpecification","valueRequired":true,"valueName":"search_term_string"}}],"inLanguage":"en-US"},{"@type":"Organization","@id":"https:\/\/www.studio303.ca\/#organization","name":"Studio 303","url":"https:\/\/www.studio303.ca\/","logo":{"@type":"ImageObject","inLanguage":"en-US","@id":"https:\/\/www.studio303.ca\/#\/schema\/logo\/image\/","url":"https:\/\/www.studio303.ca\/wp-content\/uploads\/2025\/08\/studio303-logo_black-c2586d.svg","contentUrl":"https:\/\/www.studio303.ca\/wp-content\/uploads\/2025\/08\/studio303-logo_black-c2586d.svg","caption":"Studio 303"},"image":{"@id":"https:\/\/www.studio303.ca\/#\/schema\/logo\/image\/"},"sameAs":["https:\/\/www.facebook.com\/studio303.montreal","http:\/\/instagram.com\/studio303"]},{"@type":"Person","@id":"https:\/\/www.studio303.ca\/#\/schema\/person\/40ae52c09f157a123cfb5715ae871308","name":"Studio 303","image":{"@type":"ImageObject","inLanguage":"en-US","@id":"https:\/\/secure.gravatar.com\/avatar\/ed48799669d7f111eba71a9f3c7cfd7440352e887511c1ca683b06690450f02b?s=96&d=mm&r=g","url":"https:\/\/secure.gravatar.com\/avatar\/ed48799669d7f111eba71a9f3c7cfd7440352e887511c1ca683b06690450f02b?s=96&d=mm&r=g","contentUrl":"https:\/\/secure.gravatar.com\/avatar\/ed48799669d7f111eba71a9f3c7cfd7440352e887511c1ca683b06690450f02b?s=96&d=mm&r=g","caption":"Studio 303"},"url":"https:\/\/www.studio303.ca\/en\/author\/admin-303\/"}]}},"_links":{"self":[{"href":"https:\/\/www.studio303.ca\/en\/wp-json\/wp\/v2\/posts\/26056","targetHints":{"allow":["GET"]}}],"collection":[{"href":"https:\/\/www.studio303.ca\/en\/wp-json\/wp\/v2\/posts"}],"about":[{"href":"https:\/\/www.studio303.ca\/en\/wp-json\/wp\/v2\/types\/post"}],"author":[{"embeddable":true,"href":"https:\/\/www.studio303.ca\/en\/wp-json\/wp\/v2\/users\/2"}],"replies":[{"embeddable":true,"href":"https:\/\/www.studio303.ca\/en\/wp-json\/wp\/v2\/comments?post=26056"}],"version-history":[{"count":11,"href":"https:\/\/www.studio303.ca\/en\/wp-json\/wp\/v2\/posts\/26056\/revisions"}],"predecessor-version":[{"id":27502,"href":"https:\/\/www.studio303.ca\/en\/wp-json\/wp\/v2\/posts\/26056\/revisions\/27502"}],"wp:featuredmedia":[{"embeddable":true,"href":"https:\/\/www.studio303.ca\/en\/wp-json\/wp\/v2\/media\/26165"}],"wp:attachment":[{"href":"https:\/\/www.studio303.ca\/en\/wp-json\/wp\/v2\/media?parent=26056"}],"wp:term":[{"taxonomy":"category","embeddable":true,"href":"https:\/\/www.studio303.ca\/en\/wp-json\/wp\/v2\/categories?post=26056"},{"taxonomy":"post_tag","embeddable":true,"href":"https:\/\/www.studio303.ca\/en\/wp-json\/wp\/v2\/tags?post=26056"}],"curies":[{"name":"wp","href":"https:\/\/api.w.org\/{rel}","templated":true}]}}