{"id":27840,"date":"2025-04-11T13:50:49","date_gmt":"2025-04-11T17:50:49","guid":{"rendered":"https:\/\/www.studio303.ca\/mini-q-queer-movie-night-edition-2\/"},"modified":"2025-04-29T15:06:16","modified_gmt":"2025-04-29T19:06:16","slug":"mini-q-queer-movie-night-edition-2","status":"publish","type":"post","link":"https:\/\/www.studio303.ca\/en\/mini-q-queer-movie-night-edition-2\/","title":{"rendered":"Mini Q &#8211; Queer Movie Night Edition"},"content":{"rendered":"\n<p style=\"font-size:clamp(14px, 0.875rem + ((1vw - 3.2px) * 0.244), 16px);\"><strong>Friday, May 2nd\n6:00\u20139:00 PM\nStudio 303<\/strong><\/p>\n\n\n\n<!--more-->\n\n\n\n<p style=\"font-size:clamp(14px, 0.875rem + ((1vw - 3.2px) * 0.366), 17px);\"><strong>Free<\/strong> \u2013 Bring cash for popcorn and drinks<br>\ud835\udc2b\ud835\udc1e\ud835\udc20\ud835\udc22\ud835\udc2c\ud835\udc2d\ud835\udc2b\ud835\udc1a\ud835\udc2d\ud835\udc22\ud835\udc28\ud835\udc27 \ud835\udc2b\ud835\udc1e\ud835\udc2a\ud835\udc2e\ud835\udc22\ud835\udc2b\ud835\udc1e\ud835\udc1d: \ud835\udc2f\ud835\udc22\ud835\udc1a <a href=\"https:\/\/www.zeffy.com\/en-CA\/ticketing\/mini-q\">\ud835\udc19\ud835\udc1e\ud835\udc1f\ud835\udc1f\ud835\udc32<\/a><br>All are welcome. The space is wheelchair accessible.<\/p>\n\n\n\n<p style=\"font-size:clamp(14px, 0.875rem + ((1vw - 3.2px) * 0.244), 16px);\">Inspired by Studio 303\u2019s Queer Performance Camp, Mini Q is a one-day gathering born from the ongoing desire to queerly belong \u2014 to celebrate queer alternative ways of being and connecting with the world we live in.<\/p>\n\n\n\n<p style=\"font-size:clamp(14px, 0.875rem + ((1vw - 3.2px) * 0.244), 16px);\">In this special edition of Mini Q, we invite you to a cozy queer movie night featuring two influential films that explore memory, identity, and collective queer futures.<\/p>\n\n\n\n<div class=\"wp-block-media-text is-stacked-on-mobile\" style=\"grid-template-columns:30% auto\"><figure class=\"wp-block-media-text__media\"><img loading=\"lazy\" decoding=\"async\" width=\"1728\" height=\"2592\" src=\"https:\/\/www.studio303.ca\/wp-content\/uploads\/2025\/04\/MaSaigon-FR-WEB-1.png\" alt=\"\" class=\"wp-image-27808 size-full\" srcset=\"https:\/\/www.studio303.ca\/wp-content\/uploads\/2025\/04\/MaSaigon-FR-WEB-1.png 1728w, https:\/\/www.studio303.ca\/wp-content\/uploads\/2025\/04\/MaSaigon-FR-WEB-1-200x300.png 200w, https:\/\/www.studio303.ca\/wp-content\/uploads\/2025\/04\/MaSaigon-FR-WEB-1-683x1024.png 683w, https:\/\/www.studio303.ca\/wp-content\/uploads\/2025\/04\/MaSaigon-FR-WEB-1-768x1152.png 768w, https:\/\/www.studio303.ca\/wp-content\/uploads\/2025\/04\/MaSaigon-FR-WEB-1-1024x1536.png 1024w, https:\/\/www.studio303.ca\/wp-content\/uploads\/2025\/04\/MaSaigon-FR-WEB-1-1365x2048.png 1365w, https:\/\/www.studio303.ca\/wp-content\/uploads\/2025\/04\/MaSaigon-FR-WEB-1-100x150.png 100w, https:\/\/www.studio303.ca\/wp-content\/uploads\/2025\/04\/MaSaigon-FR-WEB-1-1056x1584.png 1056w\" sizes=\"auto, (max-width: 1728px) 100vw, 1728px\" \/><\/figure><div class=\"wp-block-media-text__content\">\n<p style=\"font-size:clamp(14px, 0.875rem + ((1vw - 3.2px) * 0.488), 18px);\"><strong>M\u00e1 S\u00e0i G\u00f2n (dir. Khoa L\u00ea)<\/strong><\/p>\n\n\n\n<p style=\"font-size:clamp(14px, 0.875rem + ((1vw - 3.2px) * 0.366), 17px);\">In Saigon, family culture carries on as it has for centuries, even when blood ties are broken. Through a mosaic of intimate portraits, M\u00e1 S\u00e0i G\u00f2n explores humanity\u2019s universal desire for love, acceptance, connection and belonging through an LGBTQ+ lens. The film is a love letter \u2013 a bittersweet ode to a comforting yet disturbing mother, to a city that is as liberating as it is oppressive.<\/p>\n\n\n\n<p style=\"font-size:clamp(14px, 0.875rem + ((1vw - 3.2px) * 0.244), 16px);\"><em>100 min | <i data-stringify-type=\"italic\">Vietnamese with English subtitles<\/i> | 2023<\/em><\/p>\n\n\n\n<div class=\"wp-block-buttons is-layout-flex wp-block-buttons-is-layout-flex\">\n<div class=\"wp-block-button\"><a class=\"wp-block-button__link has-background wp-element-button\" href=\"https:\/\/www.youtube.com\/watch?v=I19M74okwxM\" style=\"background-color:#db3589\">Trailer<\/a><\/div>\n<\/div>\n\n\n\n<p style=\"font-size:clamp(14px, 0.875rem + ((1vw - 3.2px) * 0.122), 15px);\"><\/p>\n<\/div><\/div>\n\n\n\n<div style=\"height:38px\" aria-hidden=\"true\" class=\"wp-block-spacer\"><\/div>\n\n\n\n<div class=\"wp-block-media-text is-stacked-on-mobile\" style=\"grid-template-columns:30% auto\"><figure class=\"wp-block-media-text__media\"><img loading=\"lazy\" decoding=\"async\" width=\"1629\" height=\"2560\" src=\"https:\/\/www.studio303.ca\/wp-content\/uploads\/2025\/04\/yellow_14x22-scaled.jpg\" alt=\"\" class=\"wp-image-27777 size-full\" srcset=\"https:\/\/www.studio303.ca\/wp-content\/uploads\/2025\/04\/yellow_14x22-scaled.jpg 1629w, https:\/\/www.studio303.ca\/wp-content\/uploads\/2025\/04\/yellow_14x22-191x300.jpg 191w, https:\/\/www.studio303.ca\/wp-content\/uploads\/2025\/04\/yellow_14x22-652x1024.jpg 652w, https:\/\/www.studio303.ca\/wp-content\/uploads\/2025\/04\/yellow_14x22-768x1207.jpg 768w, https:\/\/www.studio303.ca\/wp-content\/uploads\/2025\/04\/yellow_14x22-977x1536.jpg 977w, https:\/\/www.studio303.ca\/wp-content\/uploads\/2025\/04\/yellow_14x22-1303x2048.jpg 1303w, https:\/\/www.studio303.ca\/wp-content\/uploads\/2025\/04\/yellow_14x22-100x157.jpg 100w, https:\/\/www.studio303.ca\/wp-content\/uploads\/2025\/04\/yellow_14x22-1056x1659.jpg 1056w\" sizes=\"auto, (max-width: 1629px) 100vw, 1629px\" \/><\/figure><div class=\"wp-block-media-text__content\">\n<p style=\"font-size:clamp(14px, 0.875rem + ((1vw - 3.2px) * 0.366), 17px);\"><strong>Both, Instrument &amp; Sound (dir. Sharlene Bamboat)<\/strong><\/p>\n\n\n\n<p style=\"font-size:clamp(14px, 0.875rem + ((1vw - 3.2px) * 0.366), 17px);\">Both, Instrument &amp; Sound follows the life of 80 year old Tony as he describes his process of political activism from the 1970s onwards. The 16mm film employs tension as an aesthetic strategy, to explore solidarity, collective struggle, and the transformation of these values under neoliberalism.<\/p>\n\n\n\n<p style=\"font-size:clamp(14px, 0.875rem + ((1vw - 3.2px) * 0.244), 16px);\"><em>36 min | <i data-stringify-type=\"italic\">English with French subtitles<\/i> | 2024<\/em><br><br>&nbsp;<\/p>\n\n\n\n<div class=\"wp-block-buttons is-layout-flex wp-block-buttons-is-layout-flex\">\n<div class=\"wp-block-button has-custom-width wp-block-button__width-50 is-style-fill\"><a class=\"wp-block-button__link has-background wp-element-button\" href=\"https:\/\/sharlenebamboat.com\/Both-Instrument-Sound\" style=\"background-color:#db3589\">Trailer<\/a><\/div>\n<\/div>\n\n\n\n<p style=\"font-size:clamp(14px, 0.875rem + ((1vw - 3.2px) * 0.122), 15px);\"><\/p>\n<\/div><\/div>\n\n\n\n<hr class=\"wp-block-separator has-alpha-channel-opacity is-style-wide\"\/>\n\n\n\n<p style=\"font-size:clamp(14px, 0.875rem + ((1vw - 3.2px) * 0.122), 15px);\"><h3><a href=\"https:\/\/www.studio303.ca\/en\/accessibility-2\/\" target=\"_blank\" rel=\"noopener\"><b>STUDIO 303\u2019S ACCESSIBILITY<\/b><\/a><\/h3><\/p>\n\n\n\n<p style=\"font-size:clamp(14px, 0.875rem + ((1vw - 3.2px) * 0.122), 15px);\"><\/p>\n\n\n\n<p><\/p>\n","protected":false},"excerpt":{"rendered":"<p>Friday, May 2nd 6:00\u20139:00 PM Studio 303<\/p>\n","protected":false},"author":2,"featured_media":27796,"comment_status":"closed","ping_status":"closed","sticky":false,"template":"","format":"standard","meta":{"_acf_changed":false,"inline_featured_image":false,"_exactmetrics_skip_tracking":false,"_exactmetrics_sitenote_active":false,"_exactmetrics_sitenote_note":"","_exactmetrics_sitenote_category":0,"_themeisle_gutenberg_block_has_review":false,"footnotes":""},"categories":[19,68,29],"tags":[],"class_list":["post-27840","post","type-post","status-publish","format-standard","has-post-thumbnail","hentry","category-events","category-current-event","category-passe"],"acf":[],"yoast_head":"<!-- This site is optimized with the Yoast SEO plugin v27.5 - https:\/\/yoast.com\/product\/yoast-seo-wordpress\/ -->\n<title>Mini Q - Queer Movie Night Edition - Studio 303<\/title>\n<meta name=\"robots\" content=\"index, follow, max-snippet:-1, max-image-preview:large, max-video-preview:-1\" \/>\n<link rel=\"canonical\" href=\"https:\/\/www.studio303.ca\/en\/mini-q-queer-movie-night-edition-2\/\" \/>\n<meta property=\"og:locale\" content=\"en_US\" \/>\n<meta property=\"og:type\" content=\"article\" \/>\n<meta property=\"og:title\" content=\"Mini Q - Queer Movie Night Edition - Studio 303\" \/>\n<meta property=\"og:description\" content=\"Friday, May 2nd 6:00\u20139:00 PM Studio 303\" \/>\n<meta property=\"og:url\" content=\"https:\/\/www.studio303.ca\/en\/mini-q-queer-movie-night-edition-2\/\" \/>\n<meta property=\"og:site_name\" content=\"Studio 303\" \/>\n<meta property=\"article:publisher\" content=\"https:\/\/www.facebook.com\/studio303.montreal\" \/>\n<meta property=\"article:published_time\" content=\"2025-04-11T17:50:49+00:00\" \/>\n<meta property=\"article:modified_time\" content=\"2025-04-29T19:06:16+00:00\" \/>\n<meta property=\"og:image\" content=\"https:\/\/www.studio303.ca\/wp-content\/uploads\/2025\/04\/FR-Mini-Q-Website-1.png\" \/>\n\t<meta property=\"og:image:width\" content=\"640\" \/>\n\t<meta property=\"og:image:height\" content=\"480\" \/>\n\t<meta property=\"og:image:type\" content=\"image\/png\" \/>\n<meta name=\"author\" content=\"Studio 303\" \/>\n<meta name=\"twitter:card\" content=\"summary_large_image\" \/>\n<meta name=\"twitter:label1\" content=\"Written by\" \/>\n\t<meta name=\"twitter:data1\" content=\"Studio 303\" \/>\n\t<meta name=\"twitter:label2\" content=\"Est. reading time\" \/>\n\t<meta name=\"twitter:data2\" content=\"2 minutes\" \/>\n<script type=\"application\/ld+json\" class=\"yoast-schema-graph\">{\"@context\":\"https:\\\/\\\/schema.org\",\"@graph\":[{\"@type\":\"Article\",\"@id\":\"https:\\\/\\\/www.studio303.ca\\\/en\\\/mini-q-queer-movie-night-edition-2\\\/#article\",\"isPartOf\":{\"@id\":\"https:\\\/\\\/www.studio303.ca\\\/en\\\/mini-q-queer-movie-night-edition-2\\\/\"},\"author\":{\"name\":\"Studio 303\",\"@id\":\"https:\\\/\\\/www.studio303.ca\\\/#\\\/schema\\\/person\\\/40ae52c09f157a123cfb5715ae871308\"},\"headline\":\"Mini Q &#8211; Queer Movie Night Edition\",\"datePublished\":\"2025-04-11T17:50:49+00:00\",\"dateModified\":\"2025-04-29T19:06:16+00:00\",\"mainEntityOfPage\":{\"@id\":\"https:\\\/\\\/www.studio303.ca\\\/en\\\/mini-q-queer-movie-night-edition-2\\\/\"},\"wordCount\":236,\"publisher\":{\"@id\":\"https:\\\/\\\/www.studio303.ca\\\/#organization\"},\"image\":{\"@id\":\"https:\\\/\\\/www.studio303.ca\\\/en\\\/mini-q-queer-movie-night-edition-2\\\/#primaryimage\"},\"thumbnailUrl\":\"https:\\\/\\\/www.studio303.ca\\\/wp-content\\\/uploads\\\/2025\\\/04\\\/FR-Mini-Q-Website-1.png\",\"articleSection\":[\"Events\",\"Events 24-25\",\"passe\"],\"inLanguage\":\"en-US\"},{\"@type\":\"WebPage\",\"@id\":\"https:\\\/\\\/www.studio303.ca\\\/en\\\/mini-q-queer-movie-night-edition-2\\\/\",\"url\":\"https:\\\/\\\/www.studio303.ca\\\/en\\\/mini-q-queer-movie-night-edition-2\\\/\",\"name\":\"Mini Q - Queer Movie Night Edition - Studio 303\",\"isPartOf\":{\"@id\":\"https:\\\/\\\/www.studio303.ca\\\/#website\"},\"primaryImageOfPage\":{\"@id\":\"https:\\\/\\\/www.studio303.ca\\\/en\\\/mini-q-queer-movie-night-edition-2\\\/#primaryimage\"},\"image\":{\"@id\":\"https:\\\/\\\/www.studio303.ca\\\/en\\\/mini-q-queer-movie-night-edition-2\\\/#primaryimage\"},\"thumbnailUrl\":\"https:\\\/\\\/www.studio303.ca\\\/wp-content\\\/uploads\\\/2025\\\/04\\\/FR-Mini-Q-Website-1.png\",\"datePublished\":\"2025-04-11T17:50:49+00:00\",\"dateModified\":\"2025-04-29T19:06:16+00:00\",\"breadcrumb\":{\"@id\":\"https:\\\/\\\/www.studio303.ca\\\/en\\\/mini-q-queer-movie-night-edition-2\\\/#breadcrumb\"},\"inLanguage\":\"en-US\",\"potentialAction\":[{\"@type\":\"ReadAction\",\"target\":[\"https:\\\/\\\/www.studio303.ca\\\/en\\\/mini-q-queer-movie-night-edition-2\\\/\"]}]},{\"@type\":\"ImageObject\",\"inLanguage\":\"en-US\",\"@id\":\"https:\\\/\\\/www.studio303.ca\\\/en\\\/mini-q-queer-movie-night-edition-2\\\/#primaryimage\",\"url\":\"https:\\\/\\\/www.studio303.ca\\\/wp-content\\\/uploads\\\/2025\\\/04\\\/FR-Mini-Q-Website-1.png\",\"contentUrl\":\"https:\\\/\\\/www.studio303.ca\\\/wp-content\\\/uploads\\\/2025\\\/04\\\/FR-Mini-Q-Website-1.png\",\"width\":640,\"height\":480},{\"@type\":\"BreadcrumbList\",\"@id\":\"https:\\\/\\\/www.studio303.ca\\\/en\\\/mini-q-queer-movie-night-edition-2\\\/#breadcrumb\",\"itemListElement\":[{\"@type\":\"ListItem\",\"position\":1,\"name\":\"Home\",\"item\":\"https:\\\/\\\/www.studio303.ca\\\/en\\\/home\\\/\"},{\"@type\":\"ListItem\",\"position\":2,\"name\":\"Mini Q &#8211; Queer Movie Night Edition\"}]},{\"@type\":\"WebSite\",\"@id\":\"https:\\\/\\\/www.studio303.ca\\\/#website\",\"url\":\"https:\\\/\\\/www.studio303.ca\\\/\",\"name\":\"Studio 303\",\"description\":\"Lieu de diffusion et de soutien pour la danse et l&#039;art indisciplin\u00e9 \u00e0 Montr\u00e9al.\",\"publisher\":{\"@id\":\"https:\\\/\\\/www.studio303.ca\\\/#organization\"},\"potentialAction\":[{\"@type\":\"SearchAction\",\"target\":{\"@type\":\"EntryPoint\",\"urlTemplate\":\"https:\\\/\\\/www.studio303.ca\\\/?s={search_term_string}\"},\"query-input\":{\"@type\":\"PropertyValueSpecification\",\"valueRequired\":true,\"valueName\":\"search_term_string\"}}],\"inLanguage\":\"en-US\"},{\"@type\":\"Organization\",\"@id\":\"https:\\\/\\\/www.studio303.ca\\\/#organization\",\"name\":\"Studio 303\",\"url\":\"https:\\\/\\\/www.studio303.ca\\\/\",\"logo\":{\"@type\":\"ImageObject\",\"inLanguage\":\"en-US\",\"@id\":\"https:\\\/\\\/www.studio303.ca\\\/#\\\/schema\\\/logo\\\/image\\\/\",\"url\":\"https:\\\/\\\/www.studio303.ca\\\/wp-content\\\/uploads\\\/2025\\\/08\\\/studio303-logo_black-c2586d.svg\",\"contentUrl\":\"https:\\\/\\\/www.studio303.ca\\\/wp-content\\\/uploads\\\/2025\\\/08\\\/studio303-logo_black-c2586d.svg\",\"caption\":\"Studio 303\"},\"image\":{\"@id\":\"https:\\\/\\\/www.studio303.ca\\\/#\\\/schema\\\/logo\\\/image\\\/\"},\"sameAs\":[\"https:\\\/\\\/www.facebook.com\\\/studio303.montreal\",\"http:\\\/\\\/instagram.com\\\/studio303\"]},{\"@type\":\"Person\",\"@id\":\"https:\\\/\\\/www.studio303.ca\\\/#\\\/schema\\\/person\\\/40ae52c09f157a123cfb5715ae871308\",\"name\":\"Studio 303\",\"image\":{\"@type\":\"ImageObject\",\"inLanguage\":\"en-US\",\"@id\":\"https:\\\/\\\/secure.gravatar.com\\\/avatar\\\/ed48799669d7f111eba71a9f3c7cfd7440352e887511c1ca683b06690450f02b?s=96&d=mm&r=g\",\"url\":\"https:\\\/\\\/secure.gravatar.com\\\/avatar\\\/ed48799669d7f111eba71a9f3c7cfd7440352e887511c1ca683b06690450f02b?s=96&d=mm&r=g\",\"contentUrl\":\"https:\\\/\\\/secure.gravatar.com\\\/avatar\\\/ed48799669d7f111eba71a9f3c7cfd7440352e887511c1ca683b06690450f02b?s=96&d=mm&r=g\",\"caption\":\"Studio 303\"},\"url\":\"https:\\\/\\\/www.studio303.ca\\\/en\\\/author\\\/admin-303\\\/\"}]}<\/script>\n<!-- \/ Yoast SEO plugin. -->","yoast_head_json":{"title":"Mini Q - Queer Movie Night Edition - Studio 303","robots":{"index":"index","follow":"follow","max-snippet":"max-snippet:-1","max-image-preview":"max-image-preview:large","max-video-preview":"max-video-preview:-1"},"canonical":"https:\/\/www.studio303.ca\/en\/mini-q-queer-movie-night-edition-2\/","og_locale":"en_US","og_type":"article","og_title":"Mini Q - Queer Movie Night Edition - Studio 303","og_description":"Friday, May 2nd 6:00\u20139:00 PM Studio 303","og_url":"https:\/\/www.studio303.ca\/en\/mini-q-queer-movie-night-edition-2\/","og_site_name":"Studio 303","article_publisher":"https:\/\/www.facebook.com\/studio303.montreal","article_published_time":"2025-04-11T17:50:49+00:00","article_modified_time":"2025-04-29T19:06:16+00:00","og_image":[{"width":640,"height":480,"url":"https:\/\/www.studio303.ca\/wp-content\/uploads\/2025\/04\/FR-Mini-Q-Website-1.png","type":"image\/png"}],"author":"Studio 303","twitter_card":"summary_large_image","twitter_misc":{"Written by":"Studio 303","Est. reading time":"2 minutes"},"schema":{"@context":"https:\/\/schema.org","@graph":[{"@type":"Article","@id":"https:\/\/www.studio303.ca\/en\/mini-q-queer-movie-night-edition-2\/#article","isPartOf":{"@id":"https:\/\/www.studio303.ca\/en\/mini-q-queer-movie-night-edition-2\/"},"author":{"name":"Studio 303","@id":"https:\/\/www.studio303.ca\/#\/schema\/person\/40ae52c09f157a123cfb5715ae871308"},"headline":"Mini Q &#8211; Queer Movie Night Edition","datePublished":"2025-04-11T17:50:49+00:00","dateModified":"2025-04-29T19:06:16+00:00","mainEntityOfPage":{"@id":"https:\/\/www.studio303.ca\/en\/mini-q-queer-movie-night-edition-2\/"},"wordCount":236,"publisher":{"@id":"https:\/\/www.studio303.ca\/#organization"},"image":{"@id":"https:\/\/www.studio303.ca\/en\/mini-q-queer-movie-night-edition-2\/#primaryimage"},"thumbnailUrl":"https:\/\/www.studio303.ca\/wp-content\/uploads\/2025\/04\/FR-Mini-Q-Website-1.png","articleSection":["Events","Events 24-25","passe"],"inLanguage":"en-US"},{"@type":"WebPage","@id":"https:\/\/www.studio303.ca\/en\/mini-q-queer-movie-night-edition-2\/","url":"https:\/\/www.studio303.ca\/en\/mini-q-queer-movie-night-edition-2\/","name":"Mini Q - Queer Movie Night Edition - Studio 303","isPartOf":{"@id":"https:\/\/www.studio303.ca\/#website"},"primaryImageOfPage":{"@id":"https:\/\/www.studio303.ca\/en\/mini-q-queer-movie-night-edition-2\/#primaryimage"},"image":{"@id":"https:\/\/www.studio303.ca\/en\/mini-q-queer-movie-night-edition-2\/#primaryimage"},"thumbnailUrl":"https:\/\/www.studio303.ca\/wp-content\/uploads\/2025\/04\/FR-Mini-Q-Website-1.png","datePublished":"2025-04-11T17:50:49+00:00","dateModified":"2025-04-29T19:06:16+00:00","breadcrumb":{"@id":"https:\/\/www.studio303.ca\/en\/mini-q-queer-movie-night-edition-2\/#breadcrumb"},"inLanguage":"en-US","potentialAction":[{"@type":"ReadAction","target":["https:\/\/www.studio303.ca\/en\/mini-q-queer-movie-night-edition-2\/"]}]},{"@type":"ImageObject","inLanguage":"en-US","@id":"https:\/\/www.studio303.ca\/en\/mini-q-queer-movie-night-edition-2\/#primaryimage","url":"https:\/\/www.studio303.ca\/wp-content\/uploads\/2025\/04\/FR-Mini-Q-Website-1.png","contentUrl":"https:\/\/www.studio303.ca\/wp-content\/uploads\/2025\/04\/FR-Mini-Q-Website-1.png","width":640,"height":480},{"@type":"BreadcrumbList","@id":"https:\/\/www.studio303.ca\/en\/mini-q-queer-movie-night-edition-2\/#breadcrumb","itemListElement":[{"@type":"ListItem","position":1,"name":"Home","item":"https:\/\/www.studio303.ca\/en\/home\/"},{"@type":"ListItem","position":2,"name":"Mini Q &#8211; Queer Movie Night Edition"}]},{"@type":"WebSite","@id":"https:\/\/www.studio303.ca\/#website","url":"https:\/\/www.studio303.ca\/","name":"Studio 303","description":"Lieu de diffusion et de soutien pour la danse et l&#039;art indisciplin\u00e9 \u00e0 Montr\u00e9al.","publisher":{"@id":"https:\/\/www.studio303.ca\/#organization"},"potentialAction":[{"@type":"SearchAction","target":{"@type":"EntryPoint","urlTemplate":"https:\/\/www.studio303.ca\/?s={search_term_string}"},"query-input":{"@type":"PropertyValueSpecification","valueRequired":true,"valueName":"search_term_string"}}],"inLanguage":"en-US"},{"@type":"Organization","@id":"https:\/\/www.studio303.ca\/#organization","name":"Studio 303","url":"https:\/\/www.studio303.ca\/","logo":{"@type":"ImageObject","inLanguage":"en-US","@id":"https:\/\/www.studio303.ca\/#\/schema\/logo\/image\/","url":"https:\/\/www.studio303.ca\/wp-content\/uploads\/2025\/08\/studio303-logo_black-c2586d.svg","contentUrl":"https:\/\/www.studio303.ca\/wp-content\/uploads\/2025\/08\/studio303-logo_black-c2586d.svg","caption":"Studio 303"},"image":{"@id":"https:\/\/www.studio303.ca\/#\/schema\/logo\/image\/"},"sameAs":["https:\/\/www.facebook.com\/studio303.montreal","http:\/\/instagram.com\/studio303"]},{"@type":"Person","@id":"https:\/\/www.studio303.ca\/#\/schema\/person\/40ae52c09f157a123cfb5715ae871308","name":"Studio 303","image":{"@type":"ImageObject","inLanguage":"en-US","@id":"https:\/\/secure.gravatar.com\/avatar\/ed48799669d7f111eba71a9f3c7cfd7440352e887511c1ca683b06690450f02b?s=96&d=mm&r=g","url":"https:\/\/secure.gravatar.com\/avatar\/ed48799669d7f111eba71a9f3c7cfd7440352e887511c1ca683b06690450f02b?s=96&d=mm&r=g","contentUrl":"https:\/\/secure.gravatar.com\/avatar\/ed48799669d7f111eba71a9f3c7cfd7440352e887511c1ca683b06690450f02b?s=96&d=mm&r=g","caption":"Studio 303"},"url":"https:\/\/www.studio303.ca\/en\/author\/admin-303\/"}]}},"_links":{"self":[{"href":"https:\/\/www.studio303.ca\/en\/wp-json\/wp\/v2\/posts\/27840","targetHints":{"allow":["GET"]}}],"collection":[{"href":"https:\/\/www.studio303.ca\/en\/wp-json\/wp\/v2\/posts"}],"about":[{"href":"https:\/\/www.studio303.ca\/en\/wp-json\/wp\/v2\/types\/post"}],"author":[{"embeddable":true,"href":"https:\/\/www.studio303.ca\/en\/wp-json\/wp\/v2\/users\/2"}],"replies":[{"embeddable":true,"href":"https:\/\/www.studio303.ca\/en\/wp-json\/wp\/v2\/comments?post=27840"}],"version-history":[{"count":5,"href":"https:\/\/www.studio303.ca\/en\/wp-json\/wp\/v2\/posts\/27840\/revisions"}],"predecessor-version":[{"id":27992,"href":"https:\/\/www.studio303.ca\/en\/wp-json\/wp\/v2\/posts\/27840\/revisions\/27992"}],"wp:featuredmedia":[{"embeddable":true,"href":"https:\/\/www.studio303.ca\/en\/wp-json\/wp\/v2\/media\/27796"}],"wp:attachment":[{"href":"https:\/\/www.studio303.ca\/en\/wp-json\/wp\/v2\/media?parent=27840"}],"wp:term":[{"taxonomy":"category","embeddable":true,"href":"https:\/\/www.studio303.ca\/en\/wp-json\/wp\/v2\/categories?post=27840"},{"taxonomy":"post_tag","embeddable":true,"href":"https:\/\/www.studio303.ca\/en\/wp-json\/wp\/v2\/tags?post=27840"}],"curies":[{"name":"wp","href":"https:\/\/api.w.org\/{rel}","templated":true}]}}