{"id":4495,"date":"2019-07-16T13:15:51","date_gmt":"2019-07-16T18:15:51","guid":{"rendered":"https:\/\/www.studio303.ca\/?p=4495"},"modified":"2022-10-02T17:31:54","modified_gmt":"2022-10-02T22:31:54","slug":"paul-chambers-mtl-lighting-design-lab","status":"publish","type":"post","link":"https:\/\/www.studio303.ca\/en\/paul-chambers-mtl-lighting-design-lab\/","title":{"rendered":"PAUL CHAMBERS  [CHA collective] (MTL) \u2014 Lighting Design Lab"},"content":{"rendered":"<p><b>Jan. 6 to 10, 2020<\/b><!--more--><b> <\/b><span id=\"more-4486\"><\/span><b>\u2013 9:30 a.m. to 1:30 p.m. (Mon.-Fri.)<\/b><br \/><b>$100 with the support of *Emploi-Qu\u00e9bec (or $280, non-eligible rate)<\/b> <b><br \/>No drop-ins<\/b><br \/><b>Open to artists of all disciplines with knowledge of lighting design \/ Bilingual teacher<\/b><b><br \/><\/b><b>Capacity: 14 people<\/b><br \/><b>This workshop will take place at the Agora de la danse in the Orange Space (1st floor), 1435, rue De Bleury, Montr\u00e9al, QC H3A 2H7, Metro Place-des-Arts<\/b><\/p>\n<p>This workshop is for artists interested in the creative process used by CHA collective [Paul Chambers + David-Alexandre Chabot] to create interdisciplinary works. This workshop provides participants with a forum for exploration and for the study of the process and principles of design in the performing arts. Participants will learn methods to elaborate design ideas through research, experimentation &amp; communication to find conceptual clarity. Workshop will focus primarily on lighting, scenic &amp; sound experiments to help develop a method for integrating design aspects to participants&#8217; own work.<\/p>\n<p><b>Paul Chambers<\/b> is a Montreal based set &amp; lighting designer. Collaborating on new dance works has always been a priority for him. Teaching workshops has also been an important part of his development as an artist and mentor. At Studio 303 he teaches a yearly lighting design workshop for artists, in addition to teaching aspects of production in dance at Concordia University. From 2008 until 2013 Paul Chambers was Technical Director at Tangente: Laboratoire de Mouvements Contemporains. In 2013 along with fellow designer &amp; educator David-Alexandre Chabot, they inaugurated CHA a design collective aimed at creating &amp; sharing design based works with artists from different disciplines. His recent design credits include work with Public Recordings, 10 Gates Dancing, Audrey Bergeron, Dorian Nuskind-Oder, Benjamin Kamino, Dany Desjardins, Katie Ward, Susanna Hood, Sasha Kleinplatz, Antonija Livingstone, Adam Kinner, Maria Kefirova &amp; Hanako Hashimi Caines, Thierry Huard, Amanda Acorn, Parts &amp; Labour Dance, Lara Kramer Dance, &amp; Destins Crois\u00e9s.<\/p>\n\n\n<hr>\n<p><b>All workshops are for professional performing artists. Some require advanced dance training.<\/b><\/p>\n<p><b>Registration<\/b><span style=\"font-weight: 400;\"> \u2013 Please contact (514) 393-3771 or at <a href=\"mailto:info@studio303.ca\"><span>info@studio303.ca<\/span><\/a>. To reserve your spot, payment is required 2 weeks before the start of the workshop.<\/span><\/p>\n<p><b>Payments<\/b><span style=\"font-weight: 400;\"> \u2013 check, cash, credit card (3% fee) or by Interac transfer (write to <a href=\"mailto:info@studio303.ca\"><span>info@studio303.ca<\/span><\/a> for procedures)<\/span><\/p>\n<p><b>Who can benefit from the subsidized rate by Emploi-Qu\u00e9bec?<\/b><br><span style=\"font-weight: 400;\">&#8211; Artists or cultural professionals, Canadian citizens or permanent residents living in Montreal<\/span><br><span style=\"font-weight: 400;\">\u2013 Foreign workers with a temporary work permit living in Montreal<br>&#8211; Employment Insurance or social assistance recipients are welcome (please notify your agent at Service Canada or MTESS)<\/span><br><span style=\"font-weight: 400;\">&#8211; Part-time students<\/span><\/p>\n<p><span style=\"font-weight: 400;\">&nbsp;<\/span><b>Who has to pay the full rate?<\/b><br><span style=\"font-weight: 400;\">&#8211; People residing outside Montreal<\/span><br><span style=\"font-weight: 400;\">&#8211; Full-time or foreign students<\/span><\/p>\n<p><b>Reimbursement policy<\/b><span style=\"font-weight: 400;\">\u2013 No reimbursement possible without a good reason (ex: sickness or injury).<\/span><\/p>\n<p><a href=\"https:\/\/www.studio303.ca\/en\/accessibility\/\"><b>Studio\u2019s accessibility<\/b><\/a><span style=\"font-weight: 400;\"> \u2013 Consult this page for detailed information.<\/span><\/p>\n","protected":false},"excerpt":{"rendered":"<p>Jan. 6 to 10, 2020<\/p>\n","protected":false},"author":2,"featured_media":5437,"comment_status":"closed","ping_status":"closed","sticky":false,"template":"","format":"standard","meta":{"_acf_changed":false,"inline_featured_image":false,"_exactmetrics_skip_tracking":false,"_exactmetrics_sitenote_active":false,"_exactmetrics_sitenote_note":"","_exactmetrics_sitenote_category":0,"_themeisle_gutenberg_block_has_review":false,"footnotes":""},"categories":[45,29,46],"tags":[],"class_list":["post-4495","post","type-post","status-publish","format-standard","has-post-thumbnail","hentry","category-archive","category-passe","category-professional-workshops"],"acf":[],"yoast_head":"<!-- This site is optimized with the Yoast SEO plugin v27.5 - https:\/\/yoast.com\/product\/yoast-seo-wordpress\/ -->\n<title>PAUL CHAMBERS [CHA collective] (MTL) \u2014 Lighting Design Lab - Studio 303<\/title>\n<meta name=\"robots\" content=\"index, follow, max-snippet:-1, max-image-preview:large, max-video-preview:-1\" \/>\n<link rel=\"canonical\" href=\"https:\/\/www.studio303.ca\/en\/paul-chambers-mtl-lighting-design-lab\/\" \/>\n<meta property=\"og:locale\" content=\"en_US\" \/>\n<meta property=\"og:type\" content=\"article\" \/>\n<meta property=\"og:title\" content=\"PAUL CHAMBERS [CHA collective] (MTL) \u2014 Lighting Design Lab - Studio 303\" \/>\n<meta property=\"og:description\" content=\"Jan. 6 to 10, 2020\" \/>\n<meta property=\"og:url\" content=\"https:\/\/www.studio303.ca\/en\/paul-chambers-mtl-lighting-design-lab\/\" \/>\n<meta property=\"og:site_name\" content=\"Studio 303\" \/>\n<meta property=\"article:publisher\" content=\"https:\/\/www.facebook.com\/studio303.montreal\" \/>\n<meta property=\"article:published_time\" content=\"2019-07-16T18:15:51+00:00\" \/>\n<meta property=\"article:modified_time\" content=\"2022-10-02T22:31:54+00:00\" \/>\n<meta property=\"og:image\" content=\"https:\/\/www.studio303.ca\/wp-content\/uploads\/2019\/08\/17a_paulchambers_denismartin_640x480.jpg\" \/>\n\t<meta property=\"og:image:width\" content=\"640\" \/>\n\t<meta property=\"og:image:height\" content=\"480\" \/>\n\t<meta property=\"og:image:type\" content=\"image\/jpeg\" \/>\n<meta name=\"author\" content=\"Studio 303\" \/>\n<meta name=\"twitter:card\" content=\"summary_large_image\" \/>\n<meta name=\"twitter:label1\" content=\"Written by\" \/>\n\t<meta name=\"twitter:data1\" content=\"Studio 303\" \/>\n\t<meta name=\"twitter:label2\" content=\"Est. reading time\" \/>\n\t<meta name=\"twitter:data2\" content=\"2 minutes\" \/>\n<script type=\"application\/ld+json\" class=\"yoast-schema-graph\">{\"@context\":\"https:\\\/\\\/schema.org\",\"@graph\":[{\"@type\":\"Article\",\"@id\":\"https:\\\/\\\/www.studio303.ca\\\/en\\\/paul-chambers-mtl-lighting-design-lab\\\/#article\",\"isPartOf\":{\"@id\":\"https:\\\/\\\/www.studio303.ca\\\/en\\\/paul-chambers-mtl-lighting-design-lab\\\/\"},\"author\":{\"name\":\"Studio 303\",\"@id\":\"https:\\\/\\\/www.studio303.ca\\\/#\\\/schema\\\/person\\\/40ae52c09f157a123cfb5715ae871308\"},\"headline\":\"PAUL CHAMBERS [CHA collective] (MTL) \u2014 Lighting Design Lab\",\"datePublished\":\"2019-07-16T18:15:51+00:00\",\"dateModified\":\"2022-10-02T22:31:54+00:00\",\"mainEntityOfPage\":{\"@id\":\"https:\\\/\\\/www.studio303.ca\\\/en\\\/paul-chambers-mtl-lighting-design-lab\\\/\"},\"wordCount\":454,\"publisher\":{\"@id\":\"https:\\\/\\\/www.studio303.ca\\\/#organization\"},\"image\":{\"@id\":\"https:\\\/\\\/www.studio303.ca\\\/en\\\/paul-chambers-mtl-lighting-design-lab\\\/#primaryimage\"},\"thumbnailUrl\":\"https:\\\/\\\/www.studio303.ca\\\/wp-content\\\/uploads\\\/2019\\\/08\\\/17a_paulchambers_denismartin_640x480.jpg\",\"articleSection\":[\"Archive\",\"passe\",\"Professional Workshops\"],\"inLanguage\":\"en-US\"},{\"@type\":\"WebPage\",\"@id\":\"https:\\\/\\\/www.studio303.ca\\\/en\\\/paul-chambers-mtl-lighting-design-lab\\\/\",\"url\":\"https:\\\/\\\/www.studio303.ca\\\/en\\\/paul-chambers-mtl-lighting-design-lab\\\/\",\"name\":\"PAUL CHAMBERS [CHA collective] (MTL) \u2014 Lighting Design Lab - Studio 303\",\"isPartOf\":{\"@id\":\"https:\\\/\\\/www.studio303.ca\\\/#website\"},\"primaryImageOfPage\":{\"@id\":\"https:\\\/\\\/www.studio303.ca\\\/en\\\/paul-chambers-mtl-lighting-design-lab\\\/#primaryimage\"},\"image\":{\"@id\":\"https:\\\/\\\/www.studio303.ca\\\/en\\\/paul-chambers-mtl-lighting-design-lab\\\/#primaryimage\"},\"thumbnailUrl\":\"https:\\\/\\\/www.studio303.ca\\\/wp-content\\\/uploads\\\/2019\\\/08\\\/17a_paulchambers_denismartin_640x480.jpg\",\"datePublished\":\"2019-07-16T18:15:51+00:00\",\"dateModified\":\"2022-10-02T22:31:54+00:00\",\"breadcrumb\":{\"@id\":\"https:\\\/\\\/www.studio303.ca\\\/en\\\/paul-chambers-mtl-lighting-design-lab\\\/#breadcrumb\"},\"inLanguage\":\"en-US\",\"potentialAction\":[{\"@type\":\"ReadAction\",\"target\":[\"https:\\\/\\\/www.studio303.ca\\\/en\\\/paul-chambers-mtl-lighting-design-lab\\\/\"]}]},{\"@type\":\"ImageObject\",\"inLanguage\":\"en-US\",\"@id\":\"https:\\\/\\\/www.studio303.ca\\\/en\\\/paul-chambers-mtl-lighting-design-lab\\\/#primaryimage\",\"url\":\"https:\\\/\\\/www.studio303.ca\\\/wp-content\\\/uploads\\\/2019\\\/08\\\/17a_paulchambers_denismartin_640x480.jpg\",\"contentUrl\":\"https:\\\/\\\/www.studio303.ca\\\/wp-content\\\/uploads\\\/2019\\\/08\\\/17a_paulchambers_denismartin_640x480.jpg\",\"width\":640,\"height\":480,\"caption\":\"Denis Martin\"},{\"@type\":\"BreadcrumbList\",\"@id\":\"https:\\\/\\\/www.studio303.ca\\\/en\\\/paul-chambers-mtl-lighting-design-lab\\\/#breadcrumb\",\"itemListElement\":[{\"@type\":\"ListItem\",\"position\":1,\"name\":\"Home\",\"item\":\"https:\\\/\\\/www.studio303.ca\\\/en\\\/home\\\/\"},{\"@type\":\"ListItem\",\"position\":2,\"name\":\"PAUL CHAMBERS [CHA collective] (MTL) \u2014 Lighting Design Lab\"}]},{\"@type\":\"WebSite\",\"@id\":\"https:\\\/\\\/www.studio303.ca\\\/#website\",\"url\":\"https:\\\/\\\/www.studio303.ca\\\/\",\"name\":\"Studio 303\",\"description\":\"Lieu de diffusion et de soutien pour la danse et l&#039;art indisciplin\u00e9 \u00e0 Montr\u00e9al.\",\"publisher\":{\"@id\":\"https:\\\/\\\/www.studio303.ca\\\/#organization\"},\"potentialAction\":[{\"@type\":\"SearchAction\",\"target\":{\"@type\":\"EntryPoint\",\"urlTemplate\":\"https:\\\/\\\/www.studio303.ca\\\/?s={search_term_string}\"},\"query-input\":{\"@type\":\"PropertyValueSpecification\",\"valueRequired\":true,\"valueName\":\"search_term_string\"}}],\"inLanguage\":\"en-US\"},{\"@type\":\"Organization\",\"@id\":\"https:\\\/\\\/www.studio303.ca\\\/#organization\",\"name\":\"Studio 303\",\"url\":\"https:\\\/\\\/www.studio303.ca\\\/\",\"logo\":{\"@type\":\"ImageObject\",\"inLanguage\":\"en-US\",\"@id\":\"https:\\\/\\\/www.studio303.ca\\\/#\\\/schema\\\/logo\\\/image\\\/\",\"url\":\"https:\\\/\\\/www.studio303.ca\\\/wp-content\\\/uploads\\\/2025\\\/08\\\/studio303-logo_black-c2586d.svg\",\"contentUrl\":\"https:\\\/\\\/www.studio303.ca\\\/wp-content\\\/uploads\\\/2025\\\/08\\\/studio303-logo_black-c2586d.svg\",\"caption\":\"Studio 303\"},\"image\":{\"@id\":\"https:\\\/\\\/www.studio303.ca\\\/#\\\/schema\\\/logo\\\/image\\\/\"},\"sameAs\":[\"https:\\\/\\\/www.facebook.com\\\/studio303.montreal\",\"http:\\\/\\\/instagram.com\\\/studio303\"]},{\"@type\":\"Person\",\"@id\":\"https:\\\/\\\/www.studio303.ca\\\/#\\\/schema\\\/person\\\/40ae52c09f157a123cfb5715ae871308\",\"name\":\"Studio 303\",\"image\":{\"@type\":\"ImageObject\",\"inLanguage\":\"en-US\",\"@id\":\"https:\\\/\\\/secure.gravatar.com\\\/avatar\\\/ed48799669d7f111eba71a9f3c7cfd7440352e887511c1ca683b06690450f02b?s=96&d=mm&r=g\",\"url\":\"https:\\\/\\\/secure.gravatar.com\\\/avatar\\\/ed48799669d7f111eba71a9f3c7cfd7440352e887511c1ca683b06690450f02b?s=96&d=mm&r=g\",\"contentUrl\":\"https:\\\/\\\/secure.gravatar.com\\\/avatar\\\/ed48799669d7f111eba71a9f3c7cfd7440352e887511c1ca683b06690450f02b?s=96&d=mm&r=g\",\"caption\":\"Studio 303\"},\"url\":\"https:\\\/\\\/www.studio303.ca\\\/en\\\/author\\\/admin-303\\\/\"}]}<\/script>\n<!-- \/ Yoast SEO plugin. -->","yoast_head_json":{"title":"PAUL CHAMBERS [CHA collective] (MTL) \u2014 Lighting Design Lab - Studio 303","robots":{"index":"index","follow":"follow","max-snippet":"max-snippet:-1","max-image-preview":"max-image-preview:large","max-video-preview":"max-video-preview:-1"},"canonical":"https:\/\/www.studio303.ca\/en\/paul-chambers-mtl-lighting-design-lab\/","og_locale":"en_US","og_type":"article","og_title":"PAUL CHAMBERS [CHA collective] (MTL) \u2014 Lighting Design Lab - Studio 303","og_description":"Jan. 6 to 10, 2020","og_url":"https:\/\/www.studio303.ca\/en\/paul-chambers-mtl-lighting-design-lab\/","og_site_name":"Studio 303","article_publisher":"https:\/\/www.facebook.com\/studio303.montreal","article_published_time":"2019-07-16T18:15:51+00:00","article_modified_time":"2022-10-02T22:31:54+00:00","og_image":[{"width":640,"height":480,"url":"https:\/\/www.studio303.ca\/wp-content\/uploads\/2019\/08\/17a_paulchambers_denismartin_640x480.jpg","type":"image\/jpeg"}],"author":"Studio 303","twitter_card":"summary_large_image","twitter_misc":{"Written by":"Studio 303","Est. reading time":"2 minutes"},"schema":{"@context":"https:\/\/schema.org","@graph":[{"@type":"Article","@id":"https:\/\/www.studio303.ca\/en\/paul-chambers-mtl-lighting-design-lab\/#article","isPartOf":{"@id":"https:\/\/www.studio303.ca\/en\/paul-chambers-mtl-lighting-design-lab\/"},"author":{"name":"Studio 303","@id":"https:\/\/www.studio303.ca\/#\/schema\/person\/40ae52c09f157a123cfb5715ae871308"},"headline":"PAUL CHAMBERS [CHA collective] (MTL) \u2014 Lighting Design Lab","datePublished":"2019-07-16T18:15:51+00:00","dateModified":"2022-10-02T22:31:54+00:00","mainEntityOfPage":{"@id":"https:\/\/www.studio303.ca\/en\/paul-chambers-mtl-lighting-design-lab\/"},"wordCount":454,"publisher":{"@id":"https:\/\/www.studio303.ca\/#organization"},"image":{"@id":"https:\/\/www.studio303.ca\/en\/paul-chambers-mtl-lighting-design-lab\/#primaryimage"},"thumbnailUrl":"https:\/\/www.studio303.ca\/wp-content\/uploads\/2019\/08\/17a_paulchambers_denismartin_640x480.jpg","articleSection":["Archive","passe","Professional Workshops"],"inLanguage":"en-US"},{"@type":"WebPage","@id":"https:\/\/www.studio303.ca\/en\/paul-chambers-mtl-lighting-design-lab\/","url":"https:\/\/www.studio303.ca\/en\/paul-chambers-mtl-lighting-design-lab\/","name":"PAUL CHAMBERS [CHA collective] (MTL) \u2014 Lighting Design Lab - Studio 303","isPartOf":{"@id":"https:\/\/www.studio303.ca\/#website"},"primaryImageOfPage":{"@id":"https:\/\/www.studio303.ca\/en\/paul-chambers-mtl-lighting-design-lab\/#primaryimage"},"image":{"@id":"https:\/\/www.studio303.ca\/en\/paul-chambers-mtl-lighting-design-lab\/#primaryimage"},"thumbnailUrl":"https:\/\/www.studio303.ca\/wp-content\/uploads\/2019\/08\/17a_paulchambers_denismartin_640x480.jpg","datePublished":"2019-07-16T18:15:51+00:00","dateModified":"2022-10-02T22:31:54+00:00","breadcrumb":{"@id":"https:\/\/www.studio303.ca\/en\/paul-chambers-mtl-lighting-design-lab\/#breadcrumb"},"inLanguage":"en-US","potentialAction":[{"@type":"ReadAction","target":["https:\/\/www.studio303.ca\/en\/paul-chambers-mtl-lighting-design-lab\/"]}]},{"@type":"ImageObject","inLanguage":"en-US","@id":"https:\/\/www.studio303.ca\/en\/paul-chambers-mtl-lighting-design-lab\/#primaryimage","url":"https:\/\/www.studio303.ca\/wp-content\/uploads\/2019\/08\/17a_paulchambers_denismartin_640x480.jpg","contentUrl":"https:\/\/www.studio303.ca\/wp-content\/uploads\/2019\/08\/17a_paulchambers_denismartin_640x480.jpg","width":640,"height":480,"caption":"Denis Martin"},{"@type":"BreadcrumbList","@id":"https:\/\/www.studio303.ca\/en\/paul-chambers-mtl-lighting-design-lab\/#breadcrumb","itemListElement":[{"@type":"ListItem","position":1,"name":"Home","item":"https:\/\/www.studio303.ca\/en\/home\/"},{"@type":"ListItem","position":2,"name":"PAUL CHAMBERS [CHA collective] (MTL) \u2014 Lighting Design Lab"}]},{"@type":"WebSite","@id":"https:\/\/www.studio303.ca\/#website","url":"https:\/\/www.studio303.ca\/","name":"Studio 303","description":"Lieu de diffusion et de soutien pour la danse et l&#039;art indisciplin\u00e9 \u00e0 Montr\u00e9al.","publisher":{"@id":"https:\/\/www.studio303.ca\/#organization"},"potentialAction":[{"@type":"SearchAction","target":{"@type":"EntryPoint","urlTemplate":"https:\/\/www.studio303.ca\/?s={search_term_string}"},"query-input":{"@type":"PropertyValueSpecification","valueRequired":true,"valueName":"search_term_string"}}],"inLanguage":"en-US"},{"@type":"Organization","@id":"https:\/\/www.studio303.ca\/#organization","name":"Studio 303","url":"https:\/\/www.studio303.ca\/","logo":{"@type":"ImageObject","inLanguage":"en-US","@id":"https:\/\/www.studio303.ca\/#\/schema\/logo\/image\/","url":"https:\/\/www.studio303.ca\/wp-content\/uploads\/2025\/08\/studio303-logo_black-c2586d.svg","contentUrl":"https:\/\/www.studio303.ca\/wp-content\/uploads\/2025\/08\/studio303-logo_black-c2586d.svg","caption":"Studio 303"},"image":{"@id":"https:\/\/www.studio303.ca\/#\/schema\/logo\/image\/"},"sameAs":["https:\/\/www.facebook.com\/studio303.montreal","http:\/\/instagram.com\/studio303"]},{"@type":"Person","@id":"https:\/\/www.studio303.ca\/#\/schema\/person\/40ae52c09f157a123cfb5715ae871308","name":"Studio 303","image":{"@type":"ImageObject","inLanguage":"en-US","@id":"https:\/\/secure.gravatar.com\/avatar\/ed48799669d7f111eba71a9f3c7cfd7440352e887511c1ca683b06690450f02b?s=96&d=mm&r=g","url":"https:\/\/secure.gravatar.com\/avatar\/ed48799669d7f111eba71a9f3c7cfd7440352e887511c1ca683b06690450f02b?s=96&d=mm&r=g","contentUrl":"https:\/\/secure.gravatar.com\/avatar\/ed48799669d7f111eba71a9f3c7cfd7440352e887511c1ca683b06690450f02b?s=96&d=mm&r=g","caption":"Studio 303"},"url":"https:\/\/www.studio303.ca\/en\/author\/admin-303\/"}]}},"_links":{"self":[{"href":"https:\/\/www.studio303.ca\/en\/wp-json\/wp\/v2\/posts\/4495","targetHints":{"allow":["GET"]}}],"collection":[{"href":"https:\/\/www.studio303.ca\/en\/wp-json\/wp\/v2\/posts"}],"about":[{"href":"https:\/\/www.studio303.ca\/en\/wp-json\/wp\/v2\/types\/post"}],"author":[{"embeddable":true,"href":"https:\/\/www.studio303.ca\/en\/wp-json\/wp\/v2\/users\/2"}],"replies":[{"embeddable":true,"href":"https:\/\/www.studio303.ca\/en\/wp-json\/wp\/v2\/comments?post=4495"}],"version-history":[{"count":9,"href":"https:\/\/www.studio303.ca\/en\/wp-json\/wp\/v2\/posts\/4495\/revisions"}],"predecessor-version":[{"id":6101,"href":"https:\/\/www.studio303.ca\/en\/wp-json\/wp\/v2\/posts\/4495\/revisions\/6101"}],"wp:featuredmedia":[{"embeddable":true,"href":"https:\/\/www.studio303.ca\/en\/wp-json\/wp\/v2\/media\/5437"}],"wp:attachment":[{"href":"https:\/\/www.studio303.ca\/en\/wp-json\/wp\/v2\/media?parent=4495"}],"wp:term":[{"taxonomy":"category","embeddable":true,"href":"https:\/\/www.studio303.ca\/en\/wp-json\/wp\/v2\/categories?post=4495"},{"taxonomy":"post_tag","embeddable":true,"href":"https:\/\/www.studio303.ca\/en\/wp-json\/wp\/v2\/tags?post=4495"}],"curies":[{"name":"wp","href":"https:\/\/api.w.org\/{rel}","templated":true}]}}