{"id":9426,"date":"2020-12-10T12:18:20","date_gmt":"2020-12-10T17:18:20","guid":{"rendered":"https:\/\/www.studio303.ca\/?p=9426"},"modified":"2022-09-19T14:34:33","modified_gmt":"2022-09-19T19:34:33","slug":"in-studio-kathy-casey-dana-dugan-fatma-sarah-elkashef-mtl-interdisciplinary-dramaturgic-lab","status":"publish","type":"post","link":"https:\/\/www.studio303.ca\/en\/in-studio-kathy-casey-dana-dugan-fatma-sarah-elkashef-mtl-interdisciplinary-dramaturgic-lab\/","title":{"rendered":"IN STUDIO: ANDR\u00c9ANE LECLERC + DANA DUGAN + MYRIAM ST\u00c9PHANIE PERRATON-LAMBERT (MTL) \u2014 Interdisciplinary Dramaturgic Lab"},"content":{"rendered":"\n<p><strong><span class=\"has-inline-color has-black-color\">Feb. <\/span>21 to 25, 2022<!--more-->&nbsp;\u2013 9:30 a.m. to 12:30 p.m.&nbsp;(Mon.-Fri.)<\/strong><br><strong><strong>$60 with the support of Emploi-Qu\u00e9bec (or $455, non-eligible rate)<\/strong><\/strong><br><strong>Open to artists of all disciplines<\/strong><br><strong>Language of instruction: English <\/strong><br><strong>Capacity: 15 people \u2014 priority for full week attendance<\/strong><\/p>\n\n\n\n<p><strong><strong><span style=\"color:#91b800\" class=\"has-inline-color\"><a href=\"https:\/\/app.simplyk.io\/en\/ticketing\/75c5534f-bb24-48e4-b7de-288a7ce54e74\" target=\"_blank\" rel=\"noreferrer noopener\">REGISTER &gt; <\/a><\/span><br><\/strong><em><strong>By registering for a workshop, you agree to cancel your participation if you have symptoms or suspect you may have COVID-19. Please read the&nbsp;<a href=\"https:\/\/www.studio303.ca\/en\/workshop-participant-engagement\/\" target=\"_blank\" rel=\"noreferrer noopener\">Participant Engagement<\/a>&nbsp;before registering. Thank you!<\/strong><\/em><\/strong><\/p>\n\n\n\n<p><strong>Registered participants must fill this form before February 14th, as teachers will prepare the workshop based on this information:&nbsp;<a rel=\"noreferrer noopener\" href=\"https:\/\/forms.gle\/U17zwbT9UEMZGjsVA\" target=\"_blank\"><span style=\"color:#99cc00\" class=\"has-inline-color\">https:\/\/forms.gle\/U17zwbT9UEMZGjsVA<\/span><\/a><\/strong><\/p>\n\n\n\n<hr class=\"wp-block-separator is-style-wide\"\/>\n\n\n\n<p><br><strong>CONTENT \/\/<\/strong> A laboratory gathering dramaturges from various disciplines to exchange best practices and fundamental aspects of live-art. There is no official training in dramaturgy, skills are nurtured by people through experimentation and creation. This training will be led by <strong>Andr\u00e9ane Leclerc<\/strong>, <strong>Dana Dugan<\/strong> and <strong>Myriam St\u00e9phanie Perraton-Lambert<\/strong> and aims at creating a space for exchange around dramaturgical tools and challenges, in an interdisciplinary perspective. It is an opportunity to acknowledge dramaturgy as an art form.<\/p>\n\n\n\n<p><strong>ACCESSIBILITY \/\/&nbsp;<\/strong>Every day of the workshop, we will explore concepts, theories, philosophies, and practices with, in, and around the notion of a dramaturgical ecology and its political potential. The workshop is structure as guided discussion that facilitate exchange around and with readings and personal\/professional experiences. These guided exchanges will primarily be oral, but the day-to-day structuring will be guided by the needs and temperament of the participants. The pace can easily be adapted to the participants&#8217; needs in terms of language, neurodiversity, physical capacities, etc.<\/p>\n\n\n\n<p><strong>BIO \/\/<\/strong> Founder of Nadere Performing Arts,<strong><strong><strong>&nbsp;Andr\u00e9ane Leclerc<\/strong>&nbsp;<\/strong><\/strong>graduated from the National Circus School of Montreal in 2001. Driven by a desire to harness contortion technique as a malleable material that is capable of generating a world of sensation and imagery beyond the spectacular, she now creates her own experimental and conceptual performances \u2013 Di(x)parue (2008), Insuccube (2012), Eat Me (2013), Bath House (2013), Cherepaka (2014), Sculptural body (2014) and The Whore of Babylon (2015). In 2013, she finished a masters degree in circus dramaturgy in the Theatre department at Universit\u00e9 du Qu\u00e9bec \u00e0 Montr\u00e9al (UQAM) under the direction of Marie-Christine Lesage. Actually in a co-creation with the dancer and choreographer Dany Desjardins called Sang Bleu, Andreane has a particular interest in the scenes that pushes limits out (cabarets, Edgy Women Festival, Short and Sweet, Piss in the Pool, Salon K). She continues to interpret for choreographers and directors such as Peter James (Famille D\u00e9jant\u00e9e), Angela Konrad (Variations pour une d\u00e9ch\u00e9ance annonc\u00e9e) and Theatre Republique in Denmark (The Tiger Lillies performs Hamlet, 2016). Since 2014, Andreane gives workshops around the world for circus artists: Acrobatic dialogue and Contortion technique. Recently, Andr\u00e9ane also offers Contortion for All that aims to demystify and undo clich\u00e9s inherent to the art of contortion by introducing a strong technique and giving tools to allow movements throughout the whole spine.<\/p>\n\n\n\n<p><strong>Dana Dugan<\/strong> is a Montreal based artist-scholar, mother, performer, teacher, and dramaturg. She was a founding member of the Chicago Contemporary Circus Festival (Chicago, 2014-15) and CirqueOFF (Montreal, 2017). Currently, she is a member of Le PARC (Performance Arts Research Cluster) at the Milieux Institute for Arts, Culture and Technology (Montreal); works as research assistant for the Dramaturgical Ecologies Research Group (Montreal); and serves on the editorial board for TURBA: The Journal of Global Practices in Live Arts Curation (Montreal). Dana completed her master\u2019s degree at Concordia University (Montreal, 2018) under fellowship as a practice-based researcher investigating her circus body as a site for cultivating critical dialogues through the concept and practice of (dis)obedience. She continues her embodied research on affirmative (dis)obedience as a doctoral student in the Humanities Interdisciplinary Program at Concordia University (Montreal), using the body as an interface with Performance Studies and Black Studies toward an ontogenerative, disruptive, transformative and affirmative politic.<\/p>\n\n\n\n<p>+++ To honoring the complexity and tensions inherent in the work and in our different racial positionings in the current socio-political climate, I take inventory and acknowledge my positionality. My body is not neutral, and I reject the centrality of Whiteness. To do this, I must first locate my whiteness and acknowledge its inherent centeredness.&nbsp;As Dana, situated in this moment with my own embodied dramaturgy, I move though the world as a white, artist, lover, mother (fuck the rest!) toward queering Whiteness &#8211; to uncrown Whiteness and resist its re\/production.&nbsp;<\/p>\n\n\n\n<p>A graduate of the Master&#8217;s program in theater at UQAM, <strong>Myriam St\u00e9phanie<\/strong> is a dramaturge. Her current research focuses on feminine choreographic, visual and textual writing. She specializes in the accompaniment of minimalist, contemplative and somatic practices, where ecology is one of the main drivers of creation. She is currently a dramaturge with the Nad\u00e8re arts vivants company and the artist Mykalle Bielinski. A member of the research collective PRint (Pratiques Interartistiques et Sc\u00e8nes Contemporaines) and GRIAV (Groupe de recherche interdisciplinaire en arts vivants), Myriam St\u00e9phanie is a lecturer at the \u00c9cole sup\u00e9rieure de th\u00e9\u00e2tre de l&#8217;UQAM and teaches dramaturgy at the \u00c9cole de th\u00e9\u00e2tre professionnel du Coll\u00e8ge Lionel-Groulx. She has been a member of the editorial committee of the magazine JEU and apart\u00e9 | arts vivants.<\/p>\n\n\n\n<hr class=\"wp-block-separator is-style-wide\"\/>\n\n\n\n<div class=\"wp-block-columns is-layout-flex wp-container-core-columns-is-layout-28f84493 wp-block-columns-is-layout-flex\">\n<div class=\"wp-block-column is-layout-flow wp-block-column-is-layout-flow\">\n<p><strong><a href=\"https:\/\/www.studio303.ca\/en\/which-rate-to-pay-emploi-quebec-criteria\/\" target=\"_blank\" rel=\"noopener\">TO DETERMINE WHICH RATE TO PAY &gt;<\/a><br><\/strong><a href=\"https:\/\/www.studio303.ca\/en\/accessibility-2\/\" target=\"_blank\" rel=\"noopener\"><strong>STUDIO 303\u2019S ACCESSIBILITY &gt;<\/strong><\/a><\/p>\n<\/div>\n\n\n\n<div class=\"wp-block-column is-layout-flow wp-block-column-is-layout-flow\">\n<p><strong><span style=\"color: #91b800;\">YOU MIGHT ALSO LIKE:<\/span><br><\/strong><a href=\"https:\/\/www.studio303.ca\/en\/in-studio-nina-vroemen-mtl-image-moving-image\/\" target=\"_blank\" rel=\"noopener\"><strong>IN STUDIO: NINA VROEMEN (MTL) \u2014 image\/\/moving\/\/image &gt;<\/strong><\/a><\/p>\n<\/div>\n<\/div>\n\n\n\n<p><\/p>\n","protected":false},"excerpt":{"rendered":"<p>Feb. 21 to 25, 2022<\/p>\n","protected":false},"author":2,"featured_media":13296,"comment_status":"closed","ping_status":"closed","sticky":false,"template":"","format":"standard","meta":{"_acf_changed":false,"inline_featured_image":false,"_exactmetrics_skip_tracking":false,"_exactmetrics_sitenote_active":false,"_exactmetrics_sitenote_note":"","_exactmetrics_sitenote_category":0,"_themeisle_gutenberg_block_has_review":false,"footnotes":""},"categories":[45,46],"tags":[],"class_list":["post-9426","post","type-post","status-publish","format-standard","has-post-thumbnail","hentry","category-archive","category-professional-workshops"],"acf":[],"yoast_head":"<!-- This site is optimized with the Yoast SEO plugin v27.5 - https:\/\/yoast.com\/product\/yoast-seo-wordpress\/ -->\n<title>IN STUDIO: ANDR\u00c9ANE LECLERC + DANA DUGAN + MYRIAM ST\u00c9PHANIE PERRATON-LAMBERT (MTL) \u2014 Interdisciplinary Dramaturgic Lab - Studio 303<\/title>\n<meta name=\"robots\" content=\"index, follow, max-snippet:-1, max-image-preview:large, max-video-preview:-1\" \/>\n<link rel=\"canonical\" href=\"https:\/\/www.studio303.ca\/en\/in-studio-kathy-casey-dana-dugan-fatma-sarah-elkashef-mtl-interdisciplinary-dramaturgic-lab\/\" \/>\n<meta property=\"og:locale\" content=\"en_US\" \/>\n<meta property=\"og:type\" content=\"article\" \/>\n<meta property=\"og:title\" content=\"IN STUDIO: ANDR\u00c9ANE LECLERC + DANA DUGAN + MYRIAM ST\u00c9PHANIE PERRATON-LAMBERT (MTL) \u2014 Interdisciplinary Dramaturgic Lab - Studio 303\" \/>\n<meta property=\"og:description\" content=\"Feb. 21 to 25, 2022\" \/>\n<meta property=\"og:url\" content=\"https:\/\/www.studio303.ca\/en\/in-studio-kathy-casey-dana-dugan-fatma-sarah-elkashef-mtl-interdisciplinary-dramaturgic-lab\/\" \/>\n<meta property=\"og:site_name\" content=\"Studio 303\" \/>\n<meta property=\"article:publisher\" content=\"https:\/\/www.facebook.com\/studio303.montreal\" \/>\n<meta property=\"article:published_time\" content=\"2020-12-10T17:18:20+00:00\" \/>\n<meta property=\"article:modified_time\" content=\"2022-09-19T19:34:33+00:00\" \/>\n<meta property=\"og:image\" content=\"https:\/\/www.studio303.ca\/wp-content\/uploads\/2020\/12\/2022EDIT-Interdisciplinary-Dramaturgy-Lab-640x480-1.jpg\" \/>\n\t<meta property=\"og:image:width\" content=\"640\" \/>\n\t<meta property=\"og:image:height\" content=\"480\" \/>\n\t<meta property=\"og:image:type\" content=\"image\/jpeg\" \/>\n<meta name=\"author\" content=\"Studio 303\" \/>\n<meta name=\"twitter:card\" content=\"summary_large_image\" \/>\n<meta name=\"twitter:label1\" content=\"Written by\" \/>\n\t<meta name=\"twitter:data1\" content=\"Studio 303\" \/>\n\t<meta name=\"twitter:label2\" content=\"Est. reading time\" \/>\n\t<meta name=\"twitter:data2\" content=\"4 minutes\" \/>\n<script type=\"application\/ld+json\" class=\"yoast-schema-graph\">{\"@context\":\"https:\\\/\\\/schema.org\",\"@graph\":[{\"@type\":\"Article\",\"@id\":\"https:\\\/\\\/www.studio303.ca\\\/en\\\/in-studio-kathy-casey-dana-dugan-fatma-sarah-elkashef-mtl-interdisciplinary-dramaturgic-lab\\\/#article\",\"isPartOf\":{\"@id\":\"https:\\\/\\\/www.studio303.ca\\\/en\\\/in-studio-kathy-casey-dana-dugan-fatma-sarah-elkashef-mtl-interdisciplinary-dramaturgic-lab\\\/\"},\"author\":{\"name\":\"Studio 303\",\"@id\":\"https:\\\/\\\/www.studio303.ca\\\/#\\\/schema\\\/person\\\/40ae52c09f157a123cfb5715ae871308\"},\"headline\":\"IN STUDIO: ANDR\u00c9ANE LECLERC + DANA DUGAN + MYRIAM ST\u00c9PHANIE PERRATON-LAMBERT (MTL) \u2014 Interdisciplinary Dramaturgic Lab\",\"datePublished\":\"2020-12-10T17:18:20+00:00\",\"dateModified\":\"2022-09-19T19:34:33+00:00\",\"mainEntityOfPage\":{\"@id\":\"https:\\\/\\\/www.studio303.ca\\\/en\\\/in-studio-kathy-casey-dana-dugan-fatma-sarah-elkashef-mtl-interdisciplinary-dramaturgic-lab\\\/\"},\"wordCount\":910,\"publisher\":{\"@id\":\"https:\\\/\\\/www.studio303.ca\\\/#organization\"},\"image\":{\"@id\":\"https:\\\/\\\/www.studio303.ca\\\/en\\\/in-studio-kathy-casey-dana-dugan-fatma-sarah-elkashef-mtl-interdisciplinary-dramaturgic-lab\\\/#primaryimage\"},\"thumbnailUrl\":\"https:\\\/\\\/www.studio303.ca\\\/wp-content\\\/uploads\\\/2020\\\/12\\\/2022EDIT-Interdisciplinary-Dramaturgy-Lab-640x480-1.jpg\",\"articleSection\":[\"Archive\",\"Professional Workshops\"],\"inLanguage\":\"en-US\"},{\"@type\":\"WebPage\",\"@id\":\"https:\\\/\\\/www.studio303.ca\\\/en\\\/in-studio-kathy-casey-dana-dugan-fatma-sarah-elkashef-mtl-interdisciplinary-dramaturgic-lab\\\/\",\"url\":\"https:\\\/\\\/www.studio303.ca\\\/en\\\/in-studio-kathy-casey-dana-dugan-fatma-sarah-elkashef-mtl-interdisciplinary-dramaturgic-lab\\\/\",\"name\":\"IN STUDIO: ANDR\u00c9ANE LECLERC + DANA DUGAN + MYRIAM ST\u00c9PHANIE PERRATON-LAMBERT (MTL) \u2014 Interdisciplinary Dramaturgic Lab - Studio 303\",\"isPartOf\":{\"@id\":\"https:\\\/\\\/www.studio303.ca\\\/#website\"},\"primaryImageOfPage\":{\"@id\":\"https:\\\/\\\/www.studio303.ca\\\/en\\\/in-studio-kathy-casey-dana-dugan-fatma-sarah-elkashef-mtl-interdisciplinary-dramaturgic-lab\\\/#primaryimage\"},\"image\":{\"@id\":\"https:\\\/\\\/www.studio303.ca\\\/en\\\/in-studio-kathy-casey-dana-dugan-fatma-sarah-elkashef-mtl-interdisciplinary-dramaturgic-lab\\\/#primaryimage\"},\"thumbnailUrl\":\"https:\\\/\\\/www.studio303.ca\\\/wp-content\\\/uploads\\\/2020\\\/12\\\/2022EDIT-Interdisciplinary-Dramaturgy-Lab-640x480-1.jpg\",\"datePublished\":\"2020-12-10T17:18:20+00:00\",\"dateModified\":\"2022-09-19T19:34:33+00:00\",\"breadcrumb\":{\"@id\":\"https:\\\/\\\/www.studio303.ca\\\/en\\\/in-studio-kathy-casey-dana-dugan-fatma-sarah-elkashef-mtl-interdisciplinary-dramaturgic-lab\\\/#breadcrumb\"},\"inLanguage\":\"en-US\",\"potentialAction\":[{\"@type\":\"ReadAction\",\"target\":[\"https:\\\/\\\/www.studio303.ca\\\/en\\\/in-studio-kathy-casey-dana-dugan-fatma-sarah-elkashef-mtl-interdisciplinary-dramaturgic-lab\\\/\"]}]},{\"@type\":\"ImageObject\",\"inLanguage\":\"en-US\",\"@id\":\"https:\\\/\\\/www.studio303.ca\\\/en\\\/in-studio-kathy-casey-dana-dugan-fatma-sarah-elkashef-mtl-interdisciplinary-dramaturgic-lab\\\/#primaryimage\",\"url\":\"https:\\\/\\\/www.studio303.ca\\\/wp-content\\\/uploads\\\/2020\\\/12\\\/2022EDIT-Interdisciplinary-Dramaturgy-Lab-640x480-1.jpg\",\"contentUrl\":\"https:\\\/\\\/www.studio303.ca\\\/wp-content\\\/uploads\\\/2020\\\/12\\\/2022EDIT-Interdisciplinary-Dramaturgy-Lab-640x480-1.jpg\",\"width\":640,\"height\":480},{\"@type\":\"BreadcrumbList\",\"@id\":\"https:\\\/\\\/www.studio303.ca\\\/en\\\/in-studio-kathy-casey-dana-dugan-fatma-sarah-elkashef-mtl-interdisciplinary-dramaturgic-lab\\\/#breadcrumb\",\"itemListElement\":[{\"@type\":\"ListItem\",\"position\":1,\"name\":\"Home\",\"item\":\"https:\\\/\\\/www.studio303.ca\\\/en\\\/home\\\/\"},{\"@type\":\"ListItem\",\"position\":2,\"name\":\"IN STUDIO: ANDR\u00c9ANE LECLERC + DANA DUGAN + MYRIAM ST\u00c9PHANIE PERRATON-LAMBERT (MTL) \u2014 Interdisciplinary Dramaturgic Lab\"}]},{\"@type\":\"WebSite\",\"@id\":\"https:\\\/\\\/www.studio303.ca\\\/#website\",\"url\":\"https:\\\/\\\/www.studio303.ca\\\/\",\"name\":\"Studio 303\",\"description\":\"Lieu de diffusion et de soutien pour la danse et l&#039;art indisciplin\u00e9 \u00e0 Montr\u00e9al.\",\"publisher\":{\"@id\":\"https:\\\/\\\/www.studio303.ca\\\/#organization\"},\"potentialAction\":[{\"@type\":\"SearchAction\",\"target\":{\"@type\":\"EntryPoint\",\"urlTemplate\":\"https:\\\/\\\/www.studio303.ca\\\/?s={search_term_string}\"},\"query-input\":{\"@type\":\"PropertyValueSpecification\",\"valueRequired\":true,\"valueName\":\"search_term_string\"}}],\"inLanguage\":\"en-US\"},{\"@type\":\"Organization\",\"@id\":\"https:\\\/\\\/www.studio303.ca\\\/#organization\",\"name\":\"Studio 303\",\"url\":\"https:\\\/\\\/www.studio303.ca\\\/\",\"logo\":{\"@type\":\"ImageObject\",\"inLanguage\":\"en-US\",\"@id\":\"https:\\\/\\\/www.studio303.ca\\\/#\\\/schema\\\/logo\\\/image\\\/\",\"url\":\"https:\\\/\\\/www.studio303.ca\\\/wp-content\\\/uploads\\\/2025\\\/08\\\/studio303-logo_black-c2586d.svg\",\"contentUrl\":\"https:\\\/\\\/www.studio303.ca\\\/wp-content\\\/uploads\\\/2025\\\/08\\\/studio303-logo_black-c2586d.svg\",\"caption\":\"Studio 303\"},\"image\":{\"@id\":\"https:\\\/\\\/www.studio303.ca\\\/#\\\/schema\\\/logo\\\/image\\\/\"},\"sameAs\":[\"https:\\\/\\\/www.facebook.com\\\/studio303.montreal\",\"http:\\\/\\\/instagram.com\\\/studio303\"]},{\"@type\":\"Person\",\"@id\":\"https:\\\/\\\/www.studio303.ca\\\/#\\\/schema\\\/person\\\/40ae52c09f157a123cfb5715ae871308\",\"name\":\"Studio 303\",\"image\":{\"@type\":\"ImageObject\",\"inLanguage\":\"en-US\",\"@id\":\"https:\\\/\\\/secure.gravatar.com\\\/avatar\\\/ed48799669d7f111eba71a9f3c7cfd7440352e887511c1ca683b06690450f02b?s=96&d=mm&r=g\",\"url\":\"https:\\\/\\\/secure.gravatar.com\\\/avatar\\\/ed48799669d7f111eba71a9f3c7cfd7440352e887511c1ca683b06690450f02b?s=96&d=mm&r=g\",\"contentUrl\":\"https:\\\/\\\/secure.gravatar.com\\\/avatar\\\/ed48799669d7f111eba71a9f3c7cfd7440352e887511c1ca683b06690450f02b?s=96&d=mm&r=g\",\"caption\":\"Studio 303\"},\"url\":\"https:\\\/\\\/www.studio303.ca\\\/en\\\/author\\\/admin-303\\\/\"}]}<\/script>\n<!-- \/ Yoast SEO plugin. -->","yoast_head_json":{"title":"IN STUDIO: ANDR\u00c9ANE LECLERC + DANA DUGAN + MYRIAM ST\u00c9PHANIE PERRATON-LAMBERT (MTL) \u2014 Interdisciplinary Dramaturgic Lab - Studio 303","robots":{"index":"index","follow":"follow","max-snippet":"max-snippet:-1","max-image-preview":"max-image-preview:large","max-video-preview":"max-video-preview:-1"},"canonical":"https:\/\/www.studio303.ca\/en\/in-studio-kathy-casey-dana-dugan-fatma-sarah-elkashef-mtl-interdisciplinary-dramaturgic-lab\/","og_locale":"en_US","og_type":"article","og_title":"IN STUDIO: ANDR\u00c9ANE LECLERC + DANA DUGAN + MYRIAM ST\u00c9PHANIE PERRATON-LAMBERT (MTL) \u2014 Interdisciplinary Dramaturgic Lab - Studio 303","og_description":"Feb. 21 to 25, 2022","og_url":"https:\/\/www.studio303.ca\/en\/in-studio-kathy-casey-dana-dugan-fatma-sarah-elkashef-mtl-interdisciplinary-dramaturgic-lab\/","og_site_name":"Studio 303","article_publisher":"https:\/\/www.facebook.com\/studio303.montreal","article_published_time":"2020-12-10T17:18:20+00:00","article_modified_time":"2022-09-19T19:34:33+00:00","og_image":[{"width":640,"height":480,"url":"https:\/\/www.studio303.ca\/wp-content\/uploads\/2020\/12\/2022EDIT-Interdisciplinary-Dramaturgy-Lab-640x480-1.jpg","type":"image\/jpeg"}],"author":"Studio 303","twitter_card":"summary_large_image","twitter_misc":{"Written by":"Studio 303","Est. reading time":"4 minutes"},"schema":{"@context":"https:\/\/schema.org","@graph":[{"@type":"Article","@id":"https:\/\/www.studio303.ca\/en\/in-studio-kathy-casey-dana-dugan-fatma-sarah-elkashef-mtl-interdisciplinary-dramaturgic-lab\/#article","isPartOf":{"@id":"https:\/\/www.studio303.ca\/en\/in-studio-kathy-casey-dana-dugan-fatma-sarah-elkashef-mtl-interdisciplinary-dramaturgic-lab\/"},"author":{"name":"Studio 303","@id":"https:\/\/www.studio303.ca\/#\/schema\/person\/40ae52c09f157a123cfb5715ae871308"},"headline":"IN STUDIO: ANDR\u00c9ANE LECLERC + DANA DUGAN + MYRIAM ST\u00c9PHANIE PERRATON-LAMBERT (MTL) \u2014 Interdisciplinary Dramaturgic Lab","datePublished":"2020-12-10T17:18:20+00:00","dateModified":"2022-09-19T19:34:33+00:00","mainEntityOfPage":{"@id":"https:\/\/www.studio303.ca\/en\/in-studio-kathy-casey-dana-dugan-fatma-sarah-elkashef-mtl-interdisciplinary-dramaturgic-lab\/"},"wordCount":910,"publisher":{"@id":"https:\/\/www.studio303.ca\/#organization"},"image":{"@id":"https:\/\/www.studio303.ca\/en\/in-studio-kathy-casey-dana-dugan-fatma-sarah-elkashef-mtl-interdisciplinary-dramaturgic-lab\/#primaryimage"},"thumbnailUrl":"https:\/\/www.studio303.ca\/wp-content\/uploads\/2020\/12\/2022EDIT-Interdisciplinary-Dramaturgy-Lab-640x480-1.jpg","articleSection":["Archive","Professional Workshops"],"inLanguage":"en-US"},{"@type":"WebPage","@id":"https:\/\/www.studio303.ca\/en\/in-studio-kathy-casey-dana-dugan-fatma-sarah-elkashef-mtl-interdisciplinary-dramaturgic-lab\/","url":"https:\/\/www.studio303.ca\/en\/in-studio-kathy-casey-dana-dugan-fatma-sarah-elkashef-mtl-interdisciplinary-dramaturgic-lab\/","name":"IN STUDIO: ANDR\u00c9ANE LECLERC + DANA DUGAN + MYRIAM ST\u00c9PHANIE PERRATON-LAMBERT (MTL) \u2014 Interdisciplinary Dramaturgic Lab - Studio 303","isPartOf":{"@id":"https:\/\/www.studio303.ca\/#website"},"primaryImageOfPage":{"@id":"https:\/\/www.studio303.ca\/en\/in-studio-kathy-casey-dana-dugan-fatma-sarah-elkashef-mtl-interdisciplinary-dramaturgic-lab\/#primaryimage"},"image":{"@id":"https:\/\/www.studio303.ca\/en\/in-studio-kathy-casey-dana-dugan-fatma-sarah-elkashef-mtl-interdisciplinary-dramaturgic-lab\/#primaryimage"},"thumbnailUrl":"https:\/\/www.studio303.ca\/wp-content\/uploads\/2020\/12\/2022EDIT-Interdisciplinary-Dramaturgy-Lab-640x480-1.jpg","datePublished":"2020-12-10T17:18:20+00:00","dateModified":"2022-09-19T19:34:33+00:00","breadcrumb":{"@id":"https:\/\/www.studio303.ca\/en\/in-studio-kathy-casey-dana-dugan-fatma-sarah-elkashef-mtl-interdisciplinary-dramaturgic-lab\/#breadcrumb"},"inLanguage":"en-US","potentialAction":[{"@type":"ReadAction","target":["https:\/\/www.studio303.ca\/en\/in-studio-kathy-casey-dana-dugan-fatma-sarah-elkashef-mtl-interdisciplinary-dramaturgic-lab\/"]}]},{"@type":"ImageObject","inLanguage":"en-US","@id":"https:\/\/www.studio303.ca\/en\/in-studio-kathy-casey-dana-dugan-fatma-sarah-elkashef-mtl-interdisciplinary-dramaturgic-lab\/#primaryimage","url":"https:\/\/www.studio303.ca\/wp-content\/uploads\/2020\/12\/2022EDIT-Interdisciplinary-Dramaturgy-Lab-640x480-1.jpg","contentUrl":"https:\/\/www.studio303.ca\/wp-content\/uploads\/2020\/12\/2022EDIT-Interdisciplinary-Dramaturgy-Lab-640x480-1.jpg","width":640,"height":480},{"@type":"BreadcrumbList","@id":"https:\/\/www.studio303.ca\/en\/in-studio-kathy-casey-dana-dugan-fatma-sarah-elkashef-mtl-interdisciplinary-dramaturgic-lab\/#breadcrumb","itemListElement":[{"@type":"ListItem","position":1,"name":"Home","item":"https:\/\/www.studio303.ca\/en\/home\/"},{"@type":"ListItem","position":2,"name":"IN STUDIO: ANDR\u00c9ANE LECLERC + DANA DUGAN + MYRIAM ST\u00c9PHANIE PERRATON-LAMBERT (MTL) \u2014 Interdisciplinary Dramaturgic Lab"}]},{"@type":"WebSite","@id":"https:\/\/www.studio303.ca\/#website","url":"https:\/\/www.studio303.ca\/","name":"Studio 303","description":"Lieu de diffusion et de soutien pour la danse et l&#039;art indisciplin\u00e9 \u00e0 Montr\u00e9al.","publisher":{"@id":"https:\/\/www.studio303.ca\/#organization"},"potentialAction":[{"@type":"SearchAction","target":{"@type":"EntryPoint","urlTemplate":"https:\/\/www.studio303.ca\/?s={search_term_string}"},"query-input":{"@type":"PropertyValueSpecification","valueRequired":true,"valueName":"search_term_string"}}],"inLanguage":"en-US"},{"@type":"Organization","@id":"https:\/\/www.studio303.ca\/#organization","name":"Studio 303","url":"https:\/\/www.studio303.ca\/","logo":{"@type":"ImageObject","inLanguage":"en-US","@id":"https:\/\/www.studio303.ca\/#\/schema\/logo\/image\/","url":"https:\/\/www.studio303.ca\/wp-content\/uploads\/2025\/08\/studio303-logo_black-c2586d.svg","contentUrl":"https:\/\/www.studio303.ca\/wp-content\/uploads\/2025\/08\/studio303-logo_black-c2586d.svg","caption":"Studio 303"},"image":{"@id":"https:\/\/www.studio303.ca\/#\/schema\/logo\/image\/"},"sameAs":["https:\/\/www.facebook.com\/studio303.montreal","http:\/\/instagram.com\/studio303"]},{"@type":"Person","@id":"https:\/\/www.studio303.ca\/#\/schema\/person\/40ae52c09f157a123cfb5715ae871308","name":"Studio 303","image":{"@type":"ImageObject","inLanguage":"en-US","@id":"https:\/\/secure.gravatar.com\/avatar\/ed48799669d7f111eba71a9f3c7cfd7440352e887511c1ca683b06690450f02b?s=96&d=mm&r=g","url":"https:\/\/secure.gravatar.com\/avatar\/ed48799669d7f111eba71a9f3c7cfd7440352e887511c1ca683b06690450f02b?s=96&d=mm&r=g","contentUrl":"https:\/\/secure.gravatar.com\/avatar\/ed48799669d7f111eba71a9f3c7cfd7440352e887511c1ca683b06690450f02b?s=96&d=mm&r=g","caption":"Studio 303"},"url":"https:\/\/www.studio303.ca\/en\/author\/admin-303\/"}]}},"_links":{"self":[{"href":"https:\/\/www.studio303.ca\/en\/wp-json\/wp\/v2\/posts\/9426","targetHints":{"allow":["GET"]}}],"collection":[{"href":"https:\/\/www.studio303.ca\/en\/wp-json\/wp\/v2\/posts"}],"about":[{"href":"https:\/\/www.studio303.ca\/en\/wp-json\/wp\/v2\/types\/post"}],"author":[{"embeddable":true,"href":"https:\/\/www.studio303.ca\/en\/wp-json\/wp\/v2\/users\/2"}],"replies":[{"embeddable":true,"href":"https:\/\/www.studio303.ca\/en\/wp-json\/wp\/v2\/comments?post=9426"}],"version-history":[{"count":21,"href":"https:\/\/www.studio303.ca\/en\/wp-json\/wp\/v2\/posts\/9426\/revisions"}],"predecessor-version":[{"id":13326,"href":"https:\/\/www.studio303.ca\/en\/wp-json\/wp\/v2\/posts\/9426\/revisions\/13326"}],"wp:featuredmedia":[{"embeddable":true,"href":"https:\/\/www.studio303.ca\/en\/wp-json\/wp\/v2\/media\/13296"}],"wp:attachment":[{"href":"https:\/\/www.studio303.ca\/en\/wp-json\/wp\/v2\/media?parent=9426"}],"wp:term":[{"taxonomy":"category","embeddable":true,"href":"https:\/\/www.studio303.ca\/en\/wp-json\/wp\/v2\/categories?post=9426"},{"taxonomy":"post_tag","embeddable":true,"href":"https:\/\/www.studio303.ca\/en\/wp-json\/wp\/v2\/tags?post=9426"}],"curies":[{"name":"wp","href":"https:\/\/api.w.org\/{rel}","templated":true}]}}