{"id":9556,"date":"2020-12-16T23:25:03","date_gmt":"2020-12-17T04:25:03","guid":{"rendered":"https:\/\/www.studio303.ca\/in-studio-catherine-fabiola-lessard-mtl-the-constellation-of-archetypes\/"},"modified":"2023-06-22T11:29:12","modified_gmt":"2023-06-22T16:29:12","slug":"in-studio-catherine-fabiola-lessard-mtl-the-constellation-of-archetypes","status":"publish","type":"post","link":"https:\/\/www.studio303.ca\/en\/in-studio-catherine-fabiola-lessard-mtl-the-constellation-of-archetypes\/","title":{"rendered":"CANCELED &#8211; CATHERINE LESSARD (MTL) \u2014 The Constellation of Archetypes"},"content":{"rendered":"\n<p><strong>Oct. 10 to 14, 2022 <!--more-->\u2014 10 a.m. to 1 p.m.<\/strong> (Mon.-Fri.)<br><strong>Full week rate:<\/strong>&nbsp;85$ with Service Qu\u00e9bec \/ 110$ if non-eligible<br><strong>Drop-in class rate:&nbsp;<\/strong>19$ with Service Qu\u00e9bec \/ 24$ if non-eligible*&nbsp;<br><strong>Language of instruction:<\/strong> French<strong><br>Capacity: <\/strong>23 people<br><strong>Open to artists of all disciplines<\/strong><\/p>\n\n\n\n<p><strong>*Drop-in on Monday and\/or Tuesday only. No advance registration for drop-in attendance&nbsp;<\/strong>\u2013 pay by credit or e-transfer on site the morning of, if places remain.<\/p>\n\n\n\n<p><\/p>\n\n\n\n<p><strong>REGISTER ><\/strong><br><\/p>\n\n\n\n<p><strong><em>By registering for a workshop, you agree to cancel your participation if you have symptoms or suspect you may have COVID-19. Please read the&nbsp;<a href=\"https:\/\/www.studio303.ca\/en\/workshop-participant-engagement\/\" target=\"_blank\" rel=\"noreferrer noopener\">Participant Engagement<\/a>&nbsp;before registering. Thank you!<\/em><\/strong><\/p>\n\n\n\n<hr class=\"wp-block-separator has-css-opacity is-style-wide\"\/>\n\n\n<p><strong>CONTENT \/\/ <\/strong>The <strong>Constellation of Archetypes<\/strong> is an opportunity to learn how to generate one&#8217;s own dance from the inexhaustible reserve of universal human experience. Finally offered in person, this workshop welcomes dancers in search of artistic depth and clarity, and of connection to the root of their life movement. In this process, each sequence of exercises is a return to our primordial knowledge, a knowledge coming from our collective unconscious, a vast heritage of archetypes, images, symbols and ancestral myths, in order to receive the power of expression, creation and transformation. Each dance here will be a &#8220;metaphorical act&#8221; allowing us to draw from the unconscious matrix formed by the universe of Carl Gustav Jung and the &#8220;Jungian archetypes&#8221;.<\/p>\n<p><strong>ACCESSIBILITY \/\/ <\/strong>This work involves danced and ritualized structures that imply that each participant is in spontaneous movements in space-time. For this, the instructions and safety of each participant depend on visual and auditory cues. Artists living with a physical disability who are able to move independently, either alone or in a wheelchair, can carry out this work by adapting it. Participants are encouraged to interpret the instructions and exercises according to their own abilities.<\/p>\n<p>The training includes individual exercises in which participants can work according to their abilities. It also includes group exercises where each participant must be able to offer support and presence to the other participants. This workshop requires a certain physicality, while respecting your limitations. This training based on authenticity of presence can generate quite intense emotions. There is also feedback in small and large groups. This training is not recommended for people with a group A (schizoid) or group B (narcissistic) personality disorder.<\/p>\n<p>From the beginning to the end of the class, participants take a journey through different mind-body states. Instructions are given orally by the teacher. When there are no verbal instructions, the information is transmitted by looking at the teacher and her body (demonstrations). All parts of the body are involved, although each participant can work at his or her own level, including subtle and unnoticeable movements. Please note that this class does not allow &#8220;spectators&#8221;. Some people may move less due to limitations, but no one is invited to withdraw into an observer-spectator role during the rituals and sessions. Everyone is &#8220;in&#8221;, no one is &#8220;out&#8221;. The psychic safety of the whole group is at stake. Music plays an important role in the development of the course, sometimes the sound level of the music will be particularly high. People with hearing difficulties are invited to observe the demonstrations carefully (they can partially replace the access to the precision of the music).<\/p>\n\n\n<p><strong>BIO \/\/<\/strong> <strong>Catherine Lessard<\/strong> is a teacher and gestural poet. For 25 years she has been transmitting the art of improvising and connecting through dance. She is a guide in Authentic Movement, a researcher in Somatic Education and a teacher of Contact Improvisation. Most recently, she is a facilitator of Biodanza. She is also trained in music, literature, Gestalt, art therapy and communication. Her passion is the human being, in all its psycho-corporal reality and in all its &#8216;states&#8217;.<\/p>\n\n\n\n<hr class=\"wp-block-separator has-css-opacity is-style-wide\"\/>\n\n\n\n<div class=\"wp-block-columns is-layout-flex wp-container-core-columns-is-layout-28f84493 wp-block-columns-is-layout-flex\">\n<div class=\"wp-block-column is-layout-flow wp-block-column-is-layout-flow\">\n<p>\u00a0<\/p>\n<p><strong><a href=\"https:\/\/www.studio303.ca\/en\/which-rate-to-pay-emploi-quebec-criteria\/\" target=\"_blank\" rel=\"noreferrer noopener\">TO DETERMINE WHICH RATE TO PAY &gt;<\/a><br \/>OPEN REGISTRATION FORM IN NEW TAB &gt;\u00a0<\/strong><br \/><a href=\"https:\/\/www.studio303.ca\/en\/financial-accessibility\/\" target=\"_blank\" rel=\"noopener\"><strong>WORKSHOP BURSARY &gt;<\/strong><\/a><br \/><strong>WAITLIST &gt;<\/strong><br \/><a href=\"https:\/\/www.studio303.ca\/en\/accessibility-2\/\" target=\"_blank\" rel=\"noopener\"><strong>STUDIO 303\u2019S ACCESSIBILITY &gt;<\/strong><\/a><\/p>\n<\/div>\n\n\n\n<div class=\"wp-block-column is-layout-flow wp-block-column-is-layout-flow\" id=\"catherinelessarden\"><\/div>\n<\/div>\n","protected":false},"excerpt":{"rendered":"<p>Oct. 10 to 14, 2022<\/p>\n","protected":false},"author":2,"featured_media":9798,"comment_status":"closed","ping_status":"closed","sticky":false,"template":"","format":"standard","meta":{"_acf_changed":false,"inline_featured_image":false,"_exactmetrics_skip_tracking":false,"_exactmetrics_sitenote_active":false,"_exactmetrics_sitenote_note":"","_exactmetrics_sitenote_category":0,"_themeisle_gutenberg_block_has_review":false,"footnotes":""},"categories":[45,46],"tags":[],"class_list":["post-9556","post","type-post","status-publish","format-standard","has-post-thumbnail","hentry","category-archive","category-professional-workshops"],"acf":[],"yoast_head":"<!-- This site is optimized with the Yoast SEO plugin v27.5 - https:\/\/yoast.com\/product\/yoast-seo-wordpress\/ -->\n<title>CANCELED - CATHERINE LESSARD (MTL) \u2014 The Constellation of Archetypes - Studio 303<\/title>\n<meta name=\"robots\" content=\"index, follow, max-snippet:-1, max-image-preview:large, max-video-preview:-1\" \/>\n<link rel=\"canonical\" href=\"https:\/\/www.studio303.ca\/en\/in-studio-catherine-fabiola-lessard-mtl-the-constellation-of-archetypes\/\" \/>\n<meta property=\"og:locale\" content=\"en_US\" \/>\n<meta property=\"og:type\" content=\"article\" \/>\n<meta property=\"og:title\" content=\"CANCELED - CATHERINE LESSARD (MTL) \u2014 The Constellation of Archetypes - Studio 303\" \/>\n<meta property=\"og:description\" content=\"Oct. 10 to 14, 2022\" \/>\n<meta property=\"og:url\" content=\"https:\/\/www.studio303.ca\/en\/in-studio-catherine-fabiola-lessard-mtl-the-constellation-of-archetypes\/\" \/>\n<meta property=\"og:site_name\" content=\"Studio 303\" \/>\n<meta property=\"article:publisher\" content=\"https:\/\/www.facebook.com\/studio303.montreal\" \/>\n<meta property=\"article:published_time\" content=\"2020-12-17T04:25:03+00:00\" \/>\n<meta property=\"article:modified_time\" content=\"2023-06-22T16:29:12+00:00\" \/>\n<meta property=\"og:image\" content=\"https:\/\/www.studio303.ca\/wp-content\/uploads\/2020\/12\/Cat_portrait_light-1-e1610743878441.jpeg\" \/>\n\t<meta property=\"og:image:width\" content=\"934\" \/>\n\t<meta property=\"og:image:height\" content=\"1188\" \/>\n\t<meta property=\"og:image:type\" content=\"image\/jpeg\" \/>\n<meta name=\"author\" content=\"Studio 303\" \/>\n<meta name=\"twitter:card\" content=\"summary_large_image\" \/>\n<meta name=\"twitter:label1\" content=\"Written by\" \/>\n\t<meta name=\"twitter:data1\" content=\"Studio 303\" \/>\n\t<meta name=\"twitter:label2\" content=\"Est. reading time\" \/>\n\t<meta name=\"twitter:data2\" content=\"3 minutes\" \/>\n<script type=\"application\/ld+json\" class=\"yoast-schema-graph\">{\"@context\":\"https:\\\/\\\/schema.org\",\"@graph\":[{\"@type\":\"Article\",\"@id\":\"https:\\\/\\\/www.studio303.ca\\\/en\\\/in-studio-catherine-fabiola-lessard-mtl-the-constellation-of-archetypes\\\/#article\",\"isPartOf\":{\"@id\":\"https:\\\/\\\/www.studio303.ca\\\/en\\\/in-studio-catherine-fabiola-lessard-mtl-the-constellation-of-archetypes\\\/\"},\"author\":{\"name\":\"Studio 303\",\"@id\":\"https:\\\/\\\/www.studio303.ca\\\/#\\\/schema\\\/person\\\/40ae52c09f157a123cfb5715ae871308\"},\"headline\":\"CANCELED &#8211; CATHERINE LESSARD (MTL) \u2014 The Constellation of Archetypes\",\"datePublished\":\"2020-12-17T04:25:03+00:00\",\"dateModified\":\"2023-06-22T16:29:12+00:00\",\"mainEntityOfPage\":{\"@id\":\"https:\\\/\\\/www.studio303.ca\\\/en\\\/in-studio-catherine-fabiola-lessard-mtl-the-constellation-of-archetypes\\\/\"},\"wordCount\":649,\"publisher\":{\"@id\":\"https:\\\/\\\/www.studio303.ca\\\/#organization\"},\"image\":{\"@id\":\"https:\\\/\\\/www.studio303.ca\\\/en\\\/in-studio-catherine-fabiola-lessard-mtl-the-constellation-of-archetypes\\\/#primaryimage\"},\"thumbnailUrl\":\"https:\\\/\\\/www.studio303.ca\\\/wp-content\\\/uploads\\\/2020\\\/12\\\/Cat_portrait_light-1-e1610743878441.jpeg\",\"articleSection\":[\"Archive\",\"Professional Workshops\"],\"inLanguage\":\"en-US\"},{\"@type\":\"WebPage\",\"@id\":\"https:\\\/\\\/www.studio303.ca\\\/en\\\/in-studio-catherine-fabiola-lessard-mtl-the-constellation-of-archetypes\\\/\",\"url\":\"https:\\\/\\\/www.studio303.ca\\\/en\\\/in-studio-catherine-fabiola-lessard-mtl-the-constellation-of-archetypes\\\/\",\"name\":\"CANCELED - CATHERINE LESSARD (MTL) \u2014 The Constellation of Archetypes - Studio 303\",\"isPartOf\":{\"@id\":\"https:\\\/\\\/www.studio303.ca\\\/#website\"},\"primaryImageOfPage\":{\"@id\":\"https:\\\/\\\/www.studio303.ca\\\/en\\\/in-studio-catherine-fabiola-lessard-mtl-the-constellation-of-archetypes\\\/#primaryimage\"},\"image\":{\"@id\":\"https:\\\/\\\/www.studio303.ca\\\/en\\\/in-studio-catherine-fabiola-lessard-mtl-the-constellation-of-archetypes\\\/#primaryimage\"},\"thumbnailUrl\":\"https:\\\/\\\/www.studio303.ca\\\/wp-content\\\/uploads\\\/2020\\\/12\\\/Cat_portrait_light-1-e1610743878441.jpeg\",\"datePublished\":\"2020-12-17T04:25:03+00:00\",\"dateModified\":\"2023-06-22T16:29:12+00:00\",\"breadcrumb\":{\"@id\":\"https:\\\/\\\/www.studio303.ca\\\/en\\\/in-studio-catherine-fabiola-lessard-mtl-the-constellation-of-archetypes\\\/#breadcrumb\"},\"inLanguage\":\"en-US\",\"potentialAction\":[{\"@type\":\"ReadAction\",\"target\":[\"https:\\\/\\\/www.studio303.ca\\\/en\\\/in-studio-catherine-fabiola-lessard-mtl-the-constellation-of-archetypes\\\/\"]}]},{\"@type\":\"ImageObject\",\"inLanguage\":\"en-US\",\"@id\":\"https:\\\/\\\/www.studio303.ca\\\/en\\\/in-studio-catherine-fabiola-lessard-mtl-the-constellation-of-archetypes\\\/#primaryimage\",\"url\":\"https:\\\/\\\/www.studio303.ca\\\/wp-content\\\/uploads\\\/2020\\\/12\\\/Cat_portrait_light-1-e1610743878441.jpeg\",\"contentUrl\":\"https:\\\/\\\/www.studio303.ca\\\/wp-content\\\/uploads\\\/2020\\\/12\\\/Cat_portrait_light-1-e1610743878441.jpeg\",\"width\":934,\"height\":1188,\"caption\":\"Photo credit: V\u00e9ro Boncompagni\"},{\"@type\":\"BreadcrumbList\",\"@id\":\"https:\\\/\\\/www.studio303.ca\\\/en\\\/in-studio-catherine-fabiola-lessard-mtl-the-constellation-of-archetypes\\\/#breadcrumb\",\"itemListElement\":[{\"@type\":\"ListItem\",\"position\":1,\"name\":\"Home\",\"item\":\"https:\\\/\\\/www.studio303.ca\\\/en\\\/home\\\/\"},{\"@type\":\"ListItem\",\"position\":2,\"name\":\"CANCELED &#8211; CATHERINE LESSARD (MTL) \u2014 The Constellation of Archetypes\"}]},{\"@type\":\"WebSite\",\"@id\":\"https:\\\/\\\/www.studio303.ca\\\/#website\",\"url\":\"https:\\\/\\\/www.studio303.ca\\\/\",\"name\":\"Studio 303\",\"description\":\"Lieu de diffusion et de soutien pour la danse et l&#039;art indisciplin\u00e9 \u00e0 Montr\u00e9al.\",\"publisher\":{\"@id\":\"https:\\\/\\\/www.studio303.ca\\\/#organization\"},\"potentialAction\":[{\"@type\":\"SearchAction\",\"target\":{\"@type\":\"EntryPoint\",\"urlTemplate\":\"https:\\\/\\\/www.studio303.ca\\\/?s={search_term_string}\"},\"query-input\":{\"@type\":\"PropertyValueSpecification\",\"valueRequired\":true,\"valueName\":\"search_term_string\"}}],\"inLanguage\":\"en-US\"},{\"@type\":\"Organization\",\"@id\":\"https:\\\/\\\/www.studio303.ca\\\/#organization\",\"name\":\"Studio 303\",\"url\":\"https:\\\/\\\/www.studio303.ca\\\/\",\"logo\":{\"@type\":\"ImageObject\",\"inLanguage\":\"en-US\",\"@id\":\"https:\\\/\\\/www.studio303.ca\\\/#\\\/schema\\\/logo\\\/image\\\/\",\"url\":\"https:\\\/\\\/www.studio303.ca\\\/wp-content\\\/uploads\\\/2025\\\/08\\\/studio303-logo_black-c2586d.svg\",\"contentUrl\":\"https:\\\/\\\/www.studio303.ca\\\/wp-content\\\/uploads\\\/2025\\\/08\\\/studio303-logo_black-c2586d.svg\",\"caption\":\"Studio 303\"},\"image\":{\"@id\":\"https:\\\/\\\/www.studio303.ca\\\/#\\\/schema\\\/logo\\\/image\\\/\"},\"sameAs\":[\"https:\\\/\\\/www.facebook.com\\\/studio303.montreal\",\"http:\\\/\\\/instagram.com\\\/studio303\"]},{\"@type\":\"Person\",\"@id\":\"https:\\\/\\\/www.studio303.ca\\\/#\\\/schema\\\/person\\\/40ae52c09f157a123cfb5715ae871308\",\"name\":\"Studio 303\",\"image\":{\"@type\":\"ImageObject\",\"inLanguage\":\"en-US\",\"@id\":\"https:\\\/\\\/secure.gravatar.com\\\/avatar\\\/ed48799669d7f111eba71a9f3c7cfd7440352e887511c1ca683b06690450f02b?s=96&d=mm&r=g\",\"url\":\"https:\\\/\\\/secure.gravatar.com\\\/avatar\\\/ed48799669d7f111eba71a9f3c7cfd7440352e887511c1ca683b06690450f02b?s=96&d=mm&r=g\",\"contentUrl\":\"https:\\\/\\\/secure.gravatar.com\\\/avatar\\\/ed48799669d7f111eba71a9f3c7cfd7440352e887511c1ca683b06690450f02b?s=96&d=mm&r=g\",\"caption\":\"Studio 303\"},\"url\":\"https:\\\/\\\/www.studio303.ca\\\/en\\\/author\\\/admin-303\\\/\"}]}<\/script>\n<!-- \/ Yoast SEO plugin. -->","yoast_head_json":{"title":"CANCELED - CATHERINE LESSARD (MTL) \u2014 The Constellation of Archetypes - Studio 303","robots":{"index":"index","follow":"follow","max-snippet":"max-snippet:-1","max-image-preview":"max-image-preview:large","max-video-preview":"max-video-preview:-1"},"canonical":"https:\/\/www.studio303.ca\/en\/in-studio-catherine-fabiola-lessard-mtl-the-constellation-of-archetypes\/","og_locale":"en_US","og_type":"article","og_title":"CANCELED - CATHERINE LESSARD (MTL) \u2014 The Constellation of Archetypes - Studio 303","og_description":"Oct. 10 to 14, 2022","og_url":"https:\/\/www.studio303.ca\/en\/in-studio-catherine-fabiola-lessard-mtl-the-constellation-of-archetypes\/","og_site_name":"Studio 303","article_publisher":"https:\/\/www.facebook.com\/studio303.montreal","article_published_time":"2020-12-17T04:25:03+00:00","article_modified_time":"2023-06-22T16:29:12+00:00","og_image":[{"width":934,"height":1188,"url":"https:\/\/www.studio303.ca\/wp-content\/uploads\/2020\/12\/Cat_portrait_light-1-e1610743878441.jpeg","type":"image\/jpeg"}],"author":"Studio 303","twitter_card":"summary_large_image","twitter_misc":{"Written by":"Studio 303","Est. reading time":"3 minutes"},"schema":{"@context":"https:\/\/schema.org","@graph":[{"@type":"Article","@id":"https:\/\/www.studio303.ca\/en\/in-studio-catherine-fabiola-lessard-mtl-the-constellation-of-archetypes\/#article","isPartOf":{"@id":"https:\/\/www.studio303.ca\/en\/in-studio-catherine-fabiola-lessard-mtl-the-constellation-of-archetypes\/"},"author":{"name":"Studio 303","@id":"https:\/\/www.studio303.ca\/#\/schema\/person\/40ae52c09f157a123cfb5715ae871308"},"headline":"CANCELED &#8211; CATHERINE LESSARD (MTL) \u2014 The Constellation of Archetypes","datePublished":"2020-12-17T04:25:03+00:00","dateModified":"2023-06-22T16:29:12+00:00","mainEntityOfPage":{"@id":"https:\/\/www.studio303.ca\/en\/in-studio-catherine-fabiola-lessard-mtl-the-constellation-of-archetypes\/"},"wordCount":649,"publisher":{"@id":"https:\/\/www.studio303.ca\/#organization"},"image":{"@id":"https:\/\/www.studio303.ca\/en\/in-studio-catherine-fabiola-lessard-mtl-the-constellation-of-archetypes\/#primaryimage"},"thumbnailUrl":"https:\/\/www.studio303.ca\/wp-content\/uploads\/2020\/12\/Cat_portrait_light-1-e1610743878441.jpeg","articleSection":["Archive","Professional Workshops"],"inLanguage":"en-US"},{"@type":"WebPage","@id":"https:\/\/www.studio303.ca\/en\/in-studio-catherine-fabiola-lessard-mtl-the-constellation-of-archetypes\/","url":"https:\/\/www.studio303.ca\/en\/in-studio-catherine-fabiola-lessard-mtl-the-constellation-of-archetypes\/","name":"CANCELED - CATHERINE LESSARD (MTL) \u2014 The Constellation of Archetypes - Studio 303","isPartOf":{"@id":"https:\/\/www.studio303.ca\/#website"},"primaryImageOfPage":{"@id":"https:\/\/www.studio303.ca\/en\/in-studio-catherine-fabiola-lessard-mtl-the-constellation-of-archetypes\/#primaryimage"},"image":{"@id":"https:\/\/www.studio303.ca\/en\/in-studio-catherine-fabiola-lessard-mtl-the-constellation-of-archetypes\/#primaryimage"},"thumbnailUrl":"https:\/\/www.studio303.ca\/wp-content\/uploads\/2020\/12\/Cat_portrait_light-1-e1610743878441.jpeg","datePublished":"2020-12-17T04:25:03+00:00","dateModified":"2023-06-22T16:29:12+00:00","breadcrumb":{"@id":"https:\/\/www.studio303.ca\/en\/in-studio-catherine-fabiola-lessard-mtl-the-constellation-of-archetypes\/#breadcrumb"},"inLanguage":"en-US","potentialAction":[{"@type":"ReadAction","target":["https:\/\/www.studio303.ca\/en\/in-studio-catherine-fabiola-lessard-mtl-the-constellation-of-archetypes\/"]}]},{"@type":"ImageObject","inLanguage":"en-US","@id":"https:\/\/www.studio303.ca\/en\/in-studio-catherine-fabiola-lessard-mtl-the-constellation-of-archetypes\/#primaryimage","url":"https:\/\/www.studio303.ca\/wp-content\/uploads\/2020\/12\/Cat_portrait_light-1-e1610743878441.jpeg","contentUrl":"https:\/\/www.studio303.ca\/wp-content\/uploads\/2020\/12\/Cat_portrait_light-1-e1610743878441.jpeg","width":934,"height":1188,"caption":"Photo credit: V\u00e9ro Boncompagni"},{"@type":"BreadcrumbList","@id":"https:\/\/www.studio303.ca\/en\/in-studio-catherine-fabiola-lessard-mtl-the-constellation-of-archetypes\/#breadcrumb","itemListElement":[{"@type":"ListItem","position":1,"name":"Home","item":"https:\/\/www.studio303.ca\/en\/home\/"},{"@type":"ListItem","position":2,"name":"CANCELED &#8211; CATHERINE LESSARD (MTL) \u2014 The Constellation of Archetypes"}]},{"@type":"WebSite","@id":"https:\/\/www.studio303.ca\/#website","url":"https:\/\/www.studio303.ca\/","name":"Studio 303","description":"Lieu de diffusion et de soutien pour la danse et l&#039;art indisciplin\u00e9 \u00e0 Montr\u00e9al.","publisher":{"@id":"https:\/\/www.studio303.ca\/#organization"},"potentialAction":[{"@type":"SearchAction","target":{"@type":"EntryPoint","urlTemplate":"https:\/\/www.studio303.ca\/?s={search_term_string}"},"query-input":{"@type":"PropertyValueSpecification","valueRequired":true,"valueName":"search_term_string"}}],"inLanguage":"en-US"},{"@type":"Organization","@id":"https:\/\/www.studio303.ca\/#organization","name":"Studio 303","url":"https:\/\/www.studio303.ca\/","logo":{"@type":"ImageObject","inLanguage":"en-US","@id":"https:\/\/www.studio303.ca\/#\/schema\/logo\/image\/","url":"https:\/\/www.studio303.ca\/wp-content\/uploads\/2025\/08\/studio303-logo_black-c2586d.svg","contentUrl":"https:\/\/www.studio303.ca\/wp-content\/uploads\/2025\/08\/studio303-logo_black-c2586d.svg","caption":"Studio 303"},"image":{"@id":"https:\/\/www.studio303.ca\/#\/schema\/logo\/image\/"},"sameAs":["https:\/\/www.facebook.com\/studio303.montreal","http:\/\/instagram.com\/studio303"]},{"@type":"Person","@id":"https:\/\/www.studio303.ca\/#\/schema\/person\/40ae52c09f157a123cfb5715ae871308","name":"Studio 303","image":{"@type":"ImageObject","inLanguage":"en-US","@id":"https:\/\/secure.gravatar.com\/avatar\/ed48799669d7f111eba71a9f3c7cfd7440352e887511c1ca683b06690450f02b?s=96&d=mm&r=g","url":"https:\/\/secure.gravatar.com\/avatar\/ed48799669d7f111eba71a9f3c7cfd7440352e887511c1ca683b06690450f02b?s=96&d=mm&r=g","contentUrl":"https:\/\/secure.gravatar.com\/avatar\/ed48799669d7f111eba71a9f3c7cfd7440352e887511c1ca683b06690450f02b?s=96&d=mm&r=g","caption":"Studio 303"},"url":"https:\/\/www.studio303.ca\/en\/author\/admin-303\/"}]}},"_links":{"self":[{"href":"https:\/\/www.studio303.ca\/en\/wp-json\/wp\/v2\/posts\/9556","targetHints":{"allow":["GET"]}}],"collection":[{"href":"https:\/\/www.studio303.ca\/en\/wp-json\/wp\/v2\/posts"}],"about":[{"href":"https:\/\/www.studio303.ca\/en\/wp-json\/wp\/v2\/types\/post"}],"author":[{"embeddable":true,"href":"https:\/\/www.studio303.ca\/en\/wp-json\/wp\/v2\/users\/2"}],"replies":[{"embeddable":true,"href":"https:\/\/www.studio303.ca\/en\/wp-json\/wp\/v2\/comments?post=9556"}],"version-history":[{"count":36,"href":"https:\/\/www.studio303.ca\/en\/wp-json\/wp\/v2\/posts\/9556\/revisions"}],"predecessor-version":[{"id":19902,"href":"https:\/\/www.studio303.ca\/en\/wp-json\/wp\/v2\/posts\/9556\/revisions\/19902"}],"wp:featuredmedia":[{"embeddable":true,"href":"https:\/\/www.studio303.ca\/en\/wp-json\/wp\/v2\/media\/9798"}],"wp:attachment":[{"href":"https:\/\/www.studio303.ca\/en\/wp-json\/wp\/v2\/media?parent=9556"}],"wp:term":[{"taxonomy":"category","embeddable":true,"href":"https:\/\/www.studio303.ca\/en\/wp-json\/wp\/v2\/categories?post=9556"},{"taxonomy":"post_tag","embeddable":true,"href":"https:\/\/www.studio303.ca\/en\/wp-json\/wp\/v2\/tags?post=9556"}],"curies":[{"name":"wp","href":"https:\/\/api.w.org\/{rel}","templated":true}]}}